{"id":274,"date":"2018-07-12T10:27:52","date_gmt":"2018-07-12T15:27:52","guid":{"rendered":"https:\/\/industrial.utp.edu.co\/maestria-investigacion-operativa\/sin-categoria\/docentes\/"},"modified":"2026-04-20T11:57:46","modified_gmt":"2026-04-20T16:57:46","slug":"docentes","status":"publish","type":"post","link":"https:\/\/industrial.utp.edu.co\/maestria-investigacion-operativa\/sin-categoria\/docentes\/","title":{"rendered":"Docentes"},"content":{"rendered":"\n<figure class=\"wp-block-table table is-style-stripes\"><table><thead><tr><th><strong>DOCENTES<\/strong><\/th><th class=\"has-text-align-left\" data-align=\"left\"><strong>DESCRIPCI\u00d3N<\/strong><\/th><\/tr><\/thead><tbody><tr><td> <br><img loading=\"lazy\" decoding=\"async\" width=\"521\" height=\"644\" class=\"wp-image-10503\" style=\"width: 150px\" src=\"https:\/\/media2.utp.edu.co\/programas\/106\/WhatsApp-Image-2023-03-14-at-9.26.13-AM-1.jpeg\" alt=\"\" srcset=\"https:\/\/media2.utp.edu.co\/programas\/106\/WhatsApp-Image-2023-03-14-at-9.26.13-AM-1.jpeg 521w, https:\/\/media2.utp.edu.co\/programas\/106\/WhatsApp-Image-2023-03-14-at-9.26.13-AM-1-243x300.jpeg 243w\" sizes=\"auto, (max-width: 521px) 100vw, 521px\" \/><br><br>Eliana Mirledy Toro Ocampo<br><a href=\"https:\/\/scienti.minciencias.gov.co\/cvlac\/visualizador\/generarCurriculoCv.do?cod_rh=0000476587\">CvLAC<\/a><\/td><td class=\"has-text-align-left\" data-align=\"left\"><br><strong>Profesora de la Universidad Tecnol\u00f3gica de Pereira.<\/strong><br>Par evaluador reconocido por Minciencias.<br>Investigadora Senior (IS).<br>Doctora en Ingenier\u00eda, Universidad Tecnol\u00f3gica de Pereira.<br>Mag\u00edster en Investigaci\u00f3n Operativa y Estad\u00edstica, Universidad Tecnol\u00f3gica de Pereira.<br>Mag\u00edster en Ingenier\u00eda El\u00e9ctrica, Universidad Tecnol\u00f3gica de Pereira.<br>Ingeniera Industrial, Universidad Tecnol\u00f3gica de Pereira.<br><br><strong>Perfil Profesional<\/strong><br>Profesora con trayectoria en docencia universitaria en el \u00e1rea de investigaci\u00f3n de operaciones, probabilidad y modelos cuantitativos en pregrado. Actualmente se desempe\u00f1a como directora de la Maestr\u00eda en Investigaci\u00f3n Operativa y Estad\u00edstica.<br>Cuenta con experiencia en investigaci\u00f3n en optimizaci\u00f3n exacta y aproximada, abordando problemas de localizaci\u00f3n, ruteo, empaquetamiento y asignaci\u00f3n mediante modelos matem\u00e1ticos y t\u00e9cnicas combinatoriales.<br>Ha participado en proyectos de investigaci\u00f3n aplicada y posee experiencia en gesti\u00f3n administrativa tanto en el \u00e1mbito acad\u00e9mico como en el sector empresarial. Maneja el idioma ingl\u00e9s con nivel aceptable en comunicaci\u00f3n y buen nivel de lectura y comprensi\u00f3n.<br><\/td><\/tr><tr><td><p><span class=\"post-content__span\"> <br><br><strong>Patricia Carvajal Olaya<\/strong><\/p><p><span class=\"post-content__span\"> <a href=\"https:\/\/scienti.minciencias.gov.co\/cvlac\/visualizador\/generarCurriculoCv.do?cod_rh=0000201839\">CvLAC<\/a><\/p><br><\/td><td class=\"has-text-align-left\" data-align=\"left\"><strong>Profesora de la Universidad Tecnol\u00f3gica de Pereira.<\/strong><br>Doctora en Educaci\u00f3n, Universidad Pedag\u00f3gica Nacional.<br>Mag\u00edster en Investigaci\u00f3n Operativa y Estad\u00edstica, Universidad Tecnol\u00f3gica de Pereira.<br>Estad\u00edstica, Universidad del Valle.<br><br><strong>Perfil Profesional<\/strong><br>Profesora con experiencia en docencia universitaria en el \u00e1rea de estad\u00edstica y probabilidad en pregrado y posgrado. Ha participado en proyectos de investigaci\u00f3n relacionados con el rendimiento acad\u00e9mico y la deserci\u00f3n estudiantil, aplicando t\u00e9cnicas estad\u00edsticas multivariadas.<br>Cuenta con trayectoria en gesti\u00f3n acad\u00e9mica y participaci\u00f3n en procesos institucionales, as\u00ed como en direcci\u00f3n de trabajos de grado y evaluaci\u00f3n acad\u00e9mica. Sus l\u00edneas de investigaci\u00f3n se centran en clima organizacional y bienestar universitario. Ha recibido reconocimientos por su labor investigativa y acad\u00e9mica.<br><\/td><\/tr><tr><td><img decoding=\"async\" src=\"http:\/\/media2.utp.edu.co\/programas\/106\/img_docentes\/cesar-augusto-penuela-meneses.jpg\" alt=\"\"><br>Orlando Antonio Sabogal<br><a href=\"https:\/\/scienti.minciencias.gov.co\/cvlac\/visualizador\/generarCurriculoCv.do?cod_rh=0001434156\">CvLAC<\/a><\/td><td class=\"has-text-align-left\" data-align=\"left\"><strong>Profesor de la Universidad Tecnol\u00f3gica de Pereira.<\/strong><br>Par evaluador reconocido por Minciencias.<br>Investigador Junior (IJ).<br>Doctorando en The Bartlett Planning Unit, University College London.<br>Mag\u00edster en Investigaci\u00f3n Operativa y Estad\u00edstica, Universidad Tecnol\u00f3gica de Pereira.<br>Ingeniero Industrial, Universidad Tecnol\u00f3gica de Pereira.<br><br><strong>Perfil Profesional<\/strong><br>Profesor con experiencia en el \u00e1rea de ingenier\u00eda industrial y transporte, con formaci\u00f3n en investigaci\u00f3n operativa y estudios urbanos. Actualmente adelanta estudios doctorales enfocados en movilidad y capital social.<br>Ha desarrollado trabajos relacionados con sistemas de transporte, accesibilidad y planificaci\u00f3n urbana, incluyendo an\u00e1lisis del impacto de estrategias de optimizaci\u00f3n en sistemas de transporte p\u00fablico.<br>Sus l\u00edneas de investigaci\u00f3n se centran en sistemas inteligentes de transporte (ITS) y accesibilidad, integrando enfoques t\u00e9cnicos y sociales. Cuenta con dominio del idioma ingl\u00e9s en nivel alto en comunicaci\u00f3n, lectura y escritura, y ha sido reconocido por su participaci\u00f3n en procesos de investigaci\u00f3n a nivel regional.<br><\/td><\/tr><tr><td><img loading=\"lazy\" decoding=\"async\" width=\"1273\" height=\"1600\" class=\"wp-image-10535\" style=\"width: 150px\" src=\"https:\/\/media2.utp.edu.co\/programas\/106\/WhatsApp-Image-2023-03-17-at-4.13.05-PM.jpeg\" alt=\"\" srcset=\"https:\/\/media2.utp.edu.co\/programas\/106\/WhatsApp-Image-2023-03-17-at-4.13.05-PM.jpeg 1273w, https:\/\/media2.utp.edu.co\/programas\/106\/WhatsApp-Image-2023-03-17-at-4.13.05-PM-239x300.jpeg 239w, https:\/\/media2.utp.edu.co\/programas\/106\/WhatsApp-Image-2023-03-17-at-4.13.05-PM-815x1024.jpeg 815w, https:\/\/media2.utp.edu.co\/programas\/106\/WhatsApp-Image-2023-03-17-at-4.13.05-PM-768x965.jpeg 768w, https:\/\/media2.utp.edu.co\/programas\/106\/WhatsApp-Image-2023-03-17-at-4.13.05-PM-1222x1536.jpeg 1222w\" sizes=\"auto, (max-width: 1273px) 100vw, 1273px\" \/><br><img decoding=\"async\" src=\"http:\/\/media2.utp.edu.co\/programas\/106\/img_docentes\/cesar-augusto-penuela-meneses.jpg\" alt=\"\"><br>C\u00e9sar Augusto Pe\u00f1uela Meneses<br><a href=\"https:\/\/scienti.minciencias.gov.co\/cvlac\/visualizador\/generarCurriculoCv.do?cod_rh=0001100807\">CvLAC<\/a><\/td><td class=\"has-text-align-left\" data-align=\"left\"><strong>Profesor de la Universidad Tecnol\u00f3gica de Pereira y la Universidad Libre de Colombia.<\/strong><br>Investigador Asociado (I).<br>Doctor en Ingenier\u00eda El\u00e9ctrica, Universidade Estadual Paulista.<br>Mag\u00edster en Planeamiento Energ\u00e9tico, Universidad Tecnol\u00f3gica de Pereira.<br>Ingeniero El\u00e9ctrico, Universidad Tecnol\u00f3gica de Pereira.<br><br><strong>Perfil Profesional<\/strong><br>Profesor con experiencia en docencia universitaria en \u00e1reas de ingenier\u00eda el\u00e9ctrica, sistemas de energ\u00eda y electromagnetismo en pregrado y posgrado. Ha orientado cursos relacionados con generaci\u00f3n de energ\u00eda, flujo de carga y programaci\u00f3n no lineal.<br>Su trabajo investigativo se enfoca en el planeamiento y operaci\u00f3n de sistemas de distribuci\u00f3n de energ\u00eda el\u00e9ctrica, incluyendo el uso de modelos matem\u00e1ticos y t\u00e9cnicas de investigaci\u00f3n de operaciones, con \u00e9nfasis en generaci\u00f3n distribuida.<br>Cuenta con experiencia acad\u00e9mica en distintas instituciones de educaci\u00f3n superior y manejo de idiomas como portugu\u00e9s e ingl\u00e9s en nivel b\u00e1sico a aceptable. <br><\/td><\/tr><tr><td>John Fredy Casta\u00f1eda<br><a href=\"https:\/\/scienti.minciencias.gov.co\/cvlac\/visualizador\/generarCurriculoCv.do?cod_rh=0000139472\">CvLAC<\/a><\/td><td class=\"has-text-align-left\" data-align=\"left\"><strong>Profesor de la Universidad Tecnol\u00f3gica de Pereira.<\/strong><br>Doctorando en Ingenier\u00eda, Universidad Tecnol\u00f3gica de Pereira.<br>Mag\u00edster en Investigaci\u00f3n Operativa y Estad\u00edstica, Universidad Tecnol\u00f3gica de Pereira.<br>Mag\u00edster en Ingenier\u00eda El\u00e9ctrica, Universidad Tecnol\u00f3gica de Pereira.<br>Ingeniero El\u00e9ctrico, Universidad Tecnol\u00f3gica de Pereira.<br><br><strong>Perfil Profesional<\/strong><br>Profesor con experiencia en docencia universitaria y ejercicio profesional en el sector energ\u00e9tico. Ha trabajado en \u00e1reas relacionadas con la ingenier\u00eda el\u00e9ctrica y la optimizaci\u00f3n aplicada.<br>Su formaci\u00f3n acad\u00e9mica se centra en investigaci\u00f3n operativa y sistemas el\u00e9ctricos, con \u00e9nfasis en problemas de ruteo de veh\u00edculos mediante metaheur\u00edsticas y optimizaci\u00f3n multiobjetivo, considerando costos, efectos ambientales y equidad.<br>Cuenta con experiencia profesional en el sector energ\u00e9tico y desarrolla actividades acad\u00e9micas en la Universidad Tecnol\u00f3gica de Pereira. Maneja el idioma ingl\u00e9s con nivel aceptable en comunicaci\u00f3n y buen nivel de lectura.<br><\/td><\/tr><tr><td>Alejandra Maria Restrepo Franco<br><a href=\"https:\/\/scienti.minciencias.gov.co\/cvlac\/visualizador\/generarCurriculoCv.do?cod_rh=0001561201\" data-type=\"link\" data-id=\"https:\/\/scienti.minciencias.gov.co\/cvlac\/visualizador\/generarCurriculoCv.do?cod_rh=0001561201\">CvLAC<\/a><\/td><td class=\"has-text-align-left\" data-align=\"left\"><strong>Profesora de la Universidad Aut\u00f3noma de Manizales.<\/strong><br>Par evaluador reconocido por Minciencias.<br>Investigadora Junior (IJ).<br>Doctoranda en Ingenier\u00eda, Universidad Aut\u00f3noma de Manizales.<br>Mag\u00edster en Ingenier\u00eda, Universidad Aut\u00f3noma de Manizales.<br>Ingeniera Mec\u00e1nica, Universidad Aut\u00f3noma de Manizales.<br><br><strong>Perfil Profesional<\/strong><br>Profesora con experiencia en docencia universitaria e investigaci\u00f3n en el \u00e1rea de ingenier\u00eda mec\u00e1nica. Actualmente adelanta estudios doctorales enfocados en la optimizaci\u00f3n de problemas de enrutamiento de veh\u00edculos aplicados a la gesti\u00f3n de residuos s\u00f3lidos.<br>Ha participado en proyectos de investigaci\u00f3n relacionados con energ\u00eda solar fotovoltaica, calidad del aire y transformaci\u00f3n digital en sectores agroindustriales. Cuenta con experiencia en el sector empresarial y en procesos de investigaci\u00f3n aplicada.<br>Sus l\u00edneas de investigaci\u00f3n incluyen ingenier\u00eda y sociedad, ciencia de datos y f\u00edsica aplicada. Maneja el idioma ingl\u00e9s con buen nivel en comunicaci\u00f3n, lectura y escritura, y ha recibido reconocimientos por su producci\u00f3n acad\u00e9mica e investigativa.<\/td><\/tr><tr><td><\/td><td class=\"has-text-align-left\" data-align=\"left\"><\/td><\/tr><tr><td><\/td><td class=\"has-text-align-left\" data-align=\"left\"><div>&nbsp;<\/div><\/td><\/tr><tr><td><\/td><td class=\"has-text-align-left\" data-align=\"left\"><\/td><\/tr><tr><td><img loading=\"lazy\" decoding=\"async\" width=\"1921\" height=\"2560\" class=\"wp-image-10464\" style=\"width: 150px\" src=\"https:\/\/media2.utp.edu.co\/programas\/106\/IMG_20200808_162317226_PORTRAIT_2-scaled.jpg\" alt=\"\" srcset=\"https:\/\/media2.utp.edu.co\/programas\/106\/IMG_20200808_162317226_PORTRAIT_2-scaled.jpg 1921w, https:\/\/media2.utp.edu.co\/programas\/106\/IMG_20200808_162317226_PORTRAIT_2-225x300.jpg 225w, https:\/\/media2.utp.edu.co\/programas\/106\/IMG_20200808_162317226_PORTRAIT_2-768x1023.jpg 768w, https:\/\/media2.utp.edu.co\/programas\/106\/IMG_20200808_162317226_PORTRAIT_2-1153x1536.jpg 1153w, https:\/\/media2.utp.edu.co\/programas\/106\/IMG_20200808_162317226_PORTRAIT_2-1537x2048.jpg 1537w\" sizes=\"auto, (max-width: 1921px) 100vw, 1921px\" \/><br><br>D\u00e9lany Ram\u00edrez del R\u00edo<br><a href=\"https:\/\/scienti.minciencias.gov.co\/cvlac\/visualizador\/generarCurriculoCv.do?cod_rh=0001348936\">CvLAC<\/a><\/td><td class=\"has-text-align-left\" data-align=\"left\"><br><strong>Profesor de la Universidad Tecnol\u00f3gica de Pereira.<\/strong><br>Doctorando en Ingenier\u00eda, Universidad Tecnol\u00f3gica de Pereira.<br>Mag\u00edster en Investigaci\u00f3n de Operaciones y Estad\u00edstica, Universidad Tecnol\u00f3gica de Pereira.<br>Ingeniero Industrial, Universidad Tecnol\u00f3gica de Pereira.<br>T\u00e9cnico Profesional en Contabilidad y Finanzas, SENA.<br><br><strong>Perfil Profesional<\/strong><br>Profesor con amplia experiencia en docencia universitaria en \u00e1reas de estad\u00edstica, simulaci\u00f3n y dise\u00f1o de experimentos en pregrado y posgrado. Ha desempe\u00f1ado funciones de coordinaci\u00f3n y gesti\u00f3n administrativa en la Universidad Tecnol\u00f3gica de Pereira.<br>Cuenta con experiencia en an\u00e1lisis de datos, modelaci\u00f3n y aplicaciones de la investigaci\u00f3n de operaciones, con enfoque en ciencias computacionales. Ha participado en procesos t\u00e9cnicos y administrativos dentro de la instituci\u00f3n, fortaleciendo la gesti\u00f3n acad\u00e9mica y el manejo de informaci\u00f3n.<br>Sus l\u00edneas de investigaci\u00f3n se orientan a las ciencias computacionales. Maneja el idioma ingl\u00e9s con buen nivel en lectura y escritura, y nivel aceptable en comunicaci\u00f3n. Ha recibido reconocimientos acad\u00e9micos y distinciones por su liderazgo a nivel regional.<\/td><\/tr><tr><td><\/td><td class=\"has-text-align-left\" data-align=\"left\"><\/td><\/tr><tr><td><\/td><td class=\"has-text-align-left\" data-align=\"left\"><\/td><\/tr><tr><td>Juli\u00e1n Alejandro Piedrahita Monroy<br><a href=\"https:\/\/scienti.minciencias.gov.co\/cvlac\/visualizador\/generarCurriculoCv.do?cod_rh=0001404130\">CvLAC<\/a><\/td><td class=\"has-text-align-left\" data-align=\"left\"><br><strong>Profesor de la Universidad Tecnol\u00f3gica de Pereira.<\/strong><br>Mag\u00edster en Desarrollo Agroindustrial, Universidad Tecnol\u00f3gica de Pereira.<br>Ingeniero Industrial, Universidad Tecnol\u00f3gica de Pereira.<br><br><strong>Perfil Profesional<\/strong><br>Profesor con experiencia en docencia universitaria en \u00e1reas de inform\u00e1tica y estad\u00edstica a nivel de pregrado. Ha participado en procesos de an\u00e1lisis y gesti\u00f3n de informaci\u00f3n institucional, especialmente en el \u00e1mbito de bienestar universitario y responsabilidad social.<br>Cuenta con experiencia en proyectos relacionados con an\u00e1lisis de datos y levantamiento de informaci\u00f3n en el sector educativo. Su formaci\u00f3n se orienta hacia el desarrollo agroindustrial y la aplicaci\u00f3n de herramientas anal\u00edticas en contextos productivos y socioecon\u00f3micos.<br>Sus l\u00edneas de investigaci\u00f3n incluyen el \u00e1mbito agr\u00edcola y el an\u00e1lisis socioecon\u00f3mico y del desempe\u00f1o acad\u00e9mico. Maneja los idiomas portugu\u00e9s e ingl\u00e9s con buen nivel en comunicaci\u00f3n, lectura y escritura.<\/td><\/tr><\/tbody><\/table><\/figure>\n","protected":false},"excerpt":{"rendered":"<p>DOCENTES DESCRIPCI\u00d3N Eliana Mirledy Toro OcampoCvLAC Profesora de la Universidad Tecnol\u00f3gica de Pereira.Par evaluador reconocido por Minciencias.Investigadora Senior (IS).Doctora en Ingenier\u00eda, Universidad Tecnol\u00f3gica de Pereira.Mag\u00edster en Investigaci\u00f3n Operativa y Estad\u00edstica, [&#8230;]<\/p>\n","protected":false},"author":1,"featured_media":0,"comment_status":"closed","ping_status":"closed","sticky":false,"template":"","format":"standard","meta":{"footnotes":""},"categories":[1],"tags":[],"class_list":["post-274","post","type-post","status-publish","format-standard","hentry","category-sin-categoria"],"_links":{"self":[{"href":"https:\/\/industrial.utp.edu.co\/maestria-investigacion-operativa\/wp-json\/wp\/v2\/posts\/274","targetHints":{"allow":["GET"]}}],"collection":[{"href":"https:\/\/industrial.utp.edu.co\/maestria-investigacion-operativa\/wp-json\/wp\/v2\/posts"}],"about":[{"href":"https:\/\/industrial.utp.edu.co\/maestria-investigacion-operativa\/wp-json\/wp\/v2\/types\/post"}],"author":[{"embeddable":true,"href":"https:\/\/industrial.utp.edu.co\/maestria-investigacion-operativa\/wp-json\/wp\/v2\/users\/1"}],"replies":[{"embeddable":true,"href":"https:\/\/industrial.utp.edu.co\/maestria-investigacion-operativa\/wp-json\/wp\/v2\/comments?post=274"}],"version-history":[{"count":45,"href":"https:\/\/industrial.utp.edu.co\/maestria-investigacion-operativa\/wp-json\/wp\/v2\/posts\/274\/revisions"}],"predecessor-version":[{"id":10998,"href":"https:\/\/industrial.utp.edu.co\/maestria-investigacion-operativa\/wp-json\/wp\/v2\/posts\/274\/revisions\/10998"}],"wp:attachment":[{"href":"https:\/\/industrial.utp.edu.co\/maestria-investigacion-operativa\/wp-json\/wp\/v2\/media?parent=274"}],"wp:term":[{"taxonomy":"category","embeddable":true,"href":"https:\/\/industrial.utp.edu.co\/maestria-investigacion-operativa\/wp-json\/wp\/v2\/categories?post=274"},{"taxonomy":"post_tag","embeddable":true,"href":"https:\/\/industrial.utp.edu.co\/maestria-investigacion-operativa\/wp-json\/wp\/v2\/tags?post=274"}],"curies":[{"name":"wp","href":"https:\/\/api.w.org\/{rel}","templated":true}]}}