{"id":71,"date":"2023-10-17T13:00:02","date_gmt":"2023-10-17T18:00:02","guid":{"rendered":"https:\/\/industrial.utp.edu.co\/maestria-en-gestion-y-direccion-de-proyectos\/?p=71"},"modified":"2026-04-22T08:47:30","modified_gmt":"2026-04-22T13:47:30","slug":"requisitos-de-graduacion","status":"publish","type":"post","link":"https:\/\/industrial.utp.edu.co\/maestria-en-gestion-y-direccion-de-proyectos\/sin-categoria\/requisitos-de-graduacion\/","title":{"rendered":"Requisitos de Graduaci\u00f3n"},"content":{"rendered":"\n<figure class=\"wp-block-image size-full\"><img loading=\"lazy\" decoding=\"async\" width=\"2000\" height=\"250\" src=\"https:\/\/media2.utp.edu.co\/programas\/115\/ENCABEZADOS-PAGINA-WEB-1800-x-300-px-1400-x-300-px-2000-x-250-px-3.png\" alt=\"\" class=\"wp-image-255\" \/><\/figure>\n\n\n\n<p><span class=\"post-content__span\"> Haber cursado y aprobado las asignaturas, cursos, m\u00f3dulos o<br>modalidades de ense\u00f1anza-aprendizaje se\u00f1alados en el Plan de Estudios con una nota m\u00ednima<br>de 3.0 y un promedio de grado general de 3.5.<\/p>\n\n\n\n<ul class=\"wp-block-list\">\n<li>Elaborar, presentar, sustentar y aprobar el trabajo de grado de conformidad con lo<br>establecido en el Acuerdo 15, por el cual se establece el reglamento de los Estudios de<br>Posgrado y de los respectivos trabajos de grado.<\/li>\n\n\n\n<li>Comprobar que lee y comprende literatura de la especialidad en una segunda lengua<br>extranjera moderna, a juicio del Instituto de Lenguas Extranjeras de la UTP.<\/li>\n\n\n\n<li>Estar a paz y salvo, por todo concepto, con el programa y con la Universidad.<\/li>\n<\/ul>\n\n\n\n<figure class=\"wp-block-gallery has-nested-images columns-default is-cropped wp-block-gallery-1 is-layout-flex wp-block-gallery-is-layout-flex\">\n<figure class=\"wp-block-image size-large\"><img loading=\"lazy\" decoding=\"async\" width=\"2000\" height=\"250\" data-id=\"296\" src=\"https:\/\/media2.utp.edu.co\/programas\/115\/ENCABEZADOS-PAGINA-WEB-1800-x-300-px-1400-x-300-px-2000-x-250-px-6.png\" alt=\"\" class=\"wp-image-296\" \/><\/figure>\n<\/figure>\n\n\n\n<p class=\"has-text-align-center\"><span class=\"post-content__span\"> Si tienes dudas o deseas conocer m\u00e1s sobre la Maestr\u00eda en Gesti\u00f3n y Direcci\u00f3n de Proyectos, puedes comunicarte con nosotros a trav\u00e9s de los siguientes canales:<\/p>\n\n\n\n<p class=\"has-text-align-center\"><span class=\"post-content__span\"> <strong>Correo electr\u00f3nico:<\/strong>&nbsp;<a>mproyectos@utp.edu.co<\/a><br><strong>Tel\u00e9fono:<\/strong>&nbsp;(606) 313 7120<br><strong>Direcci\u00f3n:<\/strong>&nbsp;Universidad Tecnol\u00f3gica de Pereira, Edificio 5, Oficina 444<\/p>\n\n\n\n<p class=\"has-text-align-center\"><span class=\"post-content__span\"> Tambi\u00e9n puedes seguirnos en nuestras redes sociales para estar al tanto de novedades, eventos y convocatorias:<\/p>\n\n\n\n<p class=\"has-text-align-center\"><span class=\"post-content__span\"> <strong>Instagram:<\/strong>&nbsp;@mgdp_utp<\/p>\n","protected":false},"excerpt":{"rendered":"<p>Haber cursado y aprobado las asignaturas, cursos, m\u00f3dulos omodalidades de ense\u00f1anza-aprendizaje se\u00f1alados en el Plan de Estudios con una nota m\u00ednimade 3.0 y un promedio de grado general de 3.5. [&#8230;]<\/p>\n","protected":false},"author":1,"featured_media":0,"comment_status":"open","ping_status":"open","sticky":false,"template":"","format":"standard","meta":{"footnotes":""},"categories":[1],"tags":[],"class_list":["post-71","post","type-post","status-publish","format-standard","hentry","category-sin-categoria"],"_links":{"self":[{"href":"https:\/\/industrial.utp.edu.co\/maestria-en-gestion-y-direccion-de-proyectos\/wp-json\/wp\/v2\/posts\/71","targetHints":{"allow":["GET"]}}],"collection":[{"href":"https:\/\/industrial.utp.edu.co\/maestria-en-gestion-y-direccion-de-proyectos\/wp-json\/wp\/v2\/posts"}],"about":[{"href":"https:\/\/industrial.utp.edu.co\/maestria-en-gestion-y-direccion-de-proyectos\/wp-json\/wp\/v2\/types\/post"}],"author":[{"embeddable":true,"href":"https:\/\/industrial.utp.edu.co\/maestria-en-gestion-y-direccion-de-proyectos\/wp-json\/wp\/v2\/users\/1"}],"replies":[{"embeddable":true,"href":"https:\/\/industrial.utp.edu.co\/maestria-en-gestion-y-direccion-de-proyectos\/wp-json\/wp\/v2\/comments?post=71"}],"version-history":[{"count":3,"href":"https:\/\/industrial.utp.edu.co\/maestria-en-gestion-y-direccion-de-proyectos\/wp-json\/wp\/v2\/posts\/71\/revisions"}],"predecessor-version":[{"id":372,"href":"https:\/\/industrial.utp.edu.co\/maestria-en-gestion-y-direccion-de-proyectos\/wp-json\/wp\/v2\/posts\/71\/revisions\/372"}],"wp:attachment":[{"href":"https:\/\/industrial.utp.edu.co\/maestria-en-gestion-y-direccion-de-proyectos\/wp-json\/wp\/v2\/media?parent=71"}],"wp:term":[{"taxonomy":"category","embeddable":true,"href":"https:\/\/industrial.utp.edu.co\/maestria-en-gestion-y-direccion-de-proyectos\/wp-json\/wp\/v2\/categories?post=71"},{"taxonomy":"post_tag","embeddable":true,"href":"https:\/\/industrial.utp.edu.co\/maestria-en-gestion-y-direccion-de-proyectos\/wp-json\/wp\/v2\/tags?post=71"}],"curies":[{"name":"wp","href":"https:\/\/api.w.org\/{rel}","templated":true}]}}