{"id":54,"date":"2023-10-17T12:50:58","date_gmt":"2023-10-17T17:50:58","guid":{"rendered":"https:\/\/industrial.utp.edu.co\/maestria-en-gestion-y-direccion-de-proyectos\/?p=54"},"modified":"2026-04-23T10:59:31","modified_gmt":"2026-04-23T15:59:31","slug":"perfil-del-aspirante","status":"publish","type":"post","link":"https:\/\/industrial.utp.edu.co\/maestria-en-gestion-y-direccion-de-proyectos\/sin-categoria\/perfil-del-aspirante\/","title":{"rendered":"Perfil del Aspirante"},"content":{"rendered":"\n<figure class=\"wp-block-image size-full\"><img loading=\"lazy\" decoding=\"async\" width=\"2000\" height=\"250\" src=\"https:\/\/media2.utp.edu.co\/programas\/115\/ENCABEZADOS-PAGINA-WEB-1800-x-300-px-1400-x-300-px-2000-x-250-px-3.png\" alt=\"\" class=\"wp-image-255\" \/><\/figure>\n\n\n<div class=\"wp-block-image\">\n<figure class=\"aligncenter size-full is-resized\"><img loading=\"lazy\" decoding=\"async\" width=\"1284\" height=\"670\" src=\"https:\/\/media2.utp.edu.co\/programas\/115\/WhatsApp-Image-2026-04-16-at-4.46.29-PM.jpeg\" alt=\"\" class=\"wp-image-352\" style=\"aspect-ratio:1.916440895479823;width:669px;height:auto\" \/><\/figure>\n<\/div>\n\n\n<p><span class=\"post-content__span\"> <strong>\u00bfA qui\u00e9n est\u00e1 dirigida esta maestr\u00eda? <\/strong><\/p>\n\n\n\n<p><span class=\"post-content__span\"> El programa est\u00e1 dirigido a profesionales que buscan una formaci\u00f3n de alto nivel en gesti\u00f3n y direcci\u00f3n de proyectos, fortaleciendo sus capacidades para planificar, liderar y ejecutar iniciativas en entornos organizacionales din\u00e1micos. A trav\u00e9s del uso de metodolog\u00edas \u00e1giles, los aspirantes desarrollar\u00e1n habilidades para generar soluciones estrat\u00e9gicas y aportar valor a las organizaciones.<\/p>\n\n\n\n<p><span class=\"post-content__span\"> <strong>Buscamos profesionales que:<\/strong><\/p>\n\n\n\n<figure class=\"wp-block-gallery has-nested-images columns-default is-cropped wp-block-gallery-1 is-layout-flex wp-block-gallery-is-layout-flex\">\n<figure class=\"wp-block-image size-large\"><img loading=\"lazy\" decoding=\"async\" width=\"943\" height=\"2000\" data-id=\"378\" src=\"https:\/\/media2.utp.edu.co\/programas\/115\/Yellow-and-White-Modern-Skills-Development-Infographic-1.png\" alt=\"\" class=\"wp-image-378\" \/><\/figure>\n<\/figure>\n\n\n\n<figure class=\"wp-block-image size-full\"><img loading=\"lazy\" decoding=\"async\" width=\"2000\" height=\"250\" src=\"https:\/\/media2.utp.edu.co\/programas\/115\/ENCABEZADOS-PAGINA-WEB-1800-x-300-px-1400-x-300-px-2000-x-250-px-6.png\" alt=\"\" class=\"wp-image-296\" \/><\/figure>\n\n\n\n<p class=\"has-text-align-center\"><span class=\"post-content__span\"> Si tienes dudas o deseas conocer m\u00e1s sobre la Maestr\u00eda en Gesti\u00f3n y Direcci\u00f3n de Proyectos, puedes comunicarte con nosotros a trav\u00e9s de los siguientes canales:<\/p>\n\n\n\n<p class=\"has-text-align-center\"><span class=\"post-content__span\"> <strong>Correo electr\u00f3nico:<\/strong>&nbsp;<a>mproyectos@utp.edu.co<\/a><br><strong>Tel\u00e9fono:<\/strong>&nbsp;(606) 313 7120<br><strong>Direcci\u00f3n:<\/strong>&nbsp;Universidad Tecnol\u00f3gica de Pereira, Edificio 5, Oficina 444<\/p>\n\n\n\n<p class=\"has-text-align-center\"><span class=\"post-content__span\"> Tambi\u00e9n puedes seguirnos en nuestras redes sociales para estar al tanto de novedades, eventos y convocatorias:<\/p>\n\n\n\n<p class=\"has-text-align-center\"><span class=\"post-content__span\"> <strong>Instagram:<\/strong>&nbsp;@mgdp_utp<\/p>\n","protected":false},"excerpt":{"rendered":"<p>\u00bfA qui\u00e9n est\u00e1 dirigida esta maestr\u00eda? El programa est\u00e1 dirigido a profesionales que buscan una formaci\u00f3n de alto nivel en gesti\u00f3n y direcci\u00f3n de proyectos, fortaleciendo sus capacidades para planificar, [&#8230;]<\/p>\n","protected":false},"author":1,"featured_media":0,"comment_status":"open","ping_status":"open","sticky":false,"template":"","format":"standard","meta":{"footnotes":""},"categories":[1],"tags":[],"class_list":["post-54","post","type-post","status-publish","format-standard","hentry","category-sin-categoria"],"_links":{"self":[{"href":"https:\/\/industrial.utp.edu.co\/maestria-en-gestion-y-direccion-de-proyectos\/wp-json\/wp\/v2\/posts\/54","targetHints":{"allow":["GET"]}}],"collection":[{"href":"https:\/\/industrial.utp.edu.co\/maestria-en-gestion-y-direccion-de-proyectos\/wp-json\/wp\/v2\/posts"}],"about":[{"href":"https:\/\/industrial.utp.edu.co\/maestria-en-gestion-y-direccion-de-proyectos\/wp-json\/wp\/v2\/types\/post"}],"author":[{"embeddable":true,"href":"https:\/\/industrial.utp.edu.co\/maestria-en-gestion-y-direccion-de-proyectos\/wp-json\/wp\/v2\/users\/1"}],"replies":[{"embeddable":true,"href":"https:\/\/industrial.utp.edu.co\/maestria-en-gestion-y-direccion-de-proyectos\/wp-json\/wp\/v2\/comments?post=54"}],"version-history":[{"count":15,"href":"https:\/\/industrial.utp.edu.co\/maestria-en-gestion-y-direccion-de-proyectos\/wp-json\/wp\/v2\/posts\/54\/revisions"}],"predecessor-version":[{"id":380,"href":"https:\/\/industrial.utp.edu.co\/maestria-en-gestion-y-direccion-de-proyectos\/wp-json\/wp\/v2\/posts\/54\/revisions\/380"}],"wp:attachment":[{"href":"https:\/\/industrial.utp.edu.co\/maestria-en-gestion-y-direccion-de-proyectos\/wp-json\/wp\/v2\/media?parent=54"}],"wp:term":[{"taxonomy":"category","embeddable":true,"href":"https:\/\/industrial.utp.edu.co\/maestria-en-gestion-y-direccion-de-proyectos\/wp-json\/wp\/v2\/categories?post=54"},{"taxonomy":"post_tag","embeddable":true,"href":"https:\/\/industrial.utp.edu.co\/maestria-en-gestion-y-direccion-de-proyectos\/wp-json\/wp\/v2\/tags?post=54"}],"curies":[{"name":"wp","href":"https:\/\/api.w.org\/{rel}","templated":true}]}}