{"id":45,"date":"2023-10-17T12:47:49","date_gmt":"2023-10-17T17:47:49","guid":{"rendered":"https:\/\/industrial.utp.edu.co\/maestria-en-gestion-y-direccion-de-proyectos\/?p=45"},"modified":"2026-04-16T16:51:41","modified_gmt":"2026-04-16T21:51:41","slug":"informacion-de-registro","status":"publish","type":"post","link":"https:\/\/industrial.utp.edu.co\/maestria-en-gestion-y-direccion-de-proyectos\/sin-categoria\/informacion-de-registro\/","title":{"rendered":"Informaci\u00f3n de Registro"},"content":{"rendered":"\n<figure class=\"wp-block-image size-full\"><img loading=\"lazy\" decoding=\"async\" width=\"2000\" height=\"250\" src=\"https:\/\/media2.utp.edu.co\/programas\/115\/ENCABEZADOS-PAGINA-WEB-1800-x-300-px-1400-x-300-px-2000-x-250-px-3.png\" alt=\"\" class=\"wp-image-255\" \/><\/figure>\n\n\n\n<p><span class=\"post-content__span\"> En esta secci\u00f3n encontrar\u00e1s la informaci\u00f3n oficial del programa de Maestr\u00eda en Gesti\u00f3n y Direcci\u00f3n de Proyectos, incluyendo su registro calificado, c\u00f3digo SNIES, modalidad de formaci\u00f3n, duraci\u00f3n y dem\u00e1s caracter\u00edsticas acad\u00e9micas. Estos datos respaldan la calidad y el reconocimiento del programa, garantizando una formaci\u00f3n pertinente y alineada con los est\u00e1ndares establecidos por el Ministerio de Educaci\u00f3n Nacional.<\/p>\n\n\n\n<hr class=\"wp-block-separator has-alpha-channel-opacity\" \/>\n\n\n\n<div style=\"height:48px\" aria-hidden=\"true\" class=\"wp-block-spacer\"><\/div>\n\n\n\n<div class=\"wp-block-group\"><div class=\"wp-block-group__inner-container is-layout-constrained wp-block-group-is-layout-constrained\">\n<figure id=\"registro-programa\" class=\"wp-block-table table is-style-stripes\"><table><tbody><tr><td class=\"has-text-align-center\" data-align=\"center\"><strong>Denominaci\u00f3n Acad\u00e9mica<\/strong><\/td><td class=\"has-text-align-center\" data-align=\"center\">Maestr\u00eda en Gesti\u00f3n y Direcci\u00f3n de Proyectos<\/td><\/tr><tr><td class=\"has-text-align-center\" data-align=\"center\"><strong>Tipo de Programa<\/strong><\/td><td class=\"has-text-align-center\" data-align=\"center\">Posgrado<\/td><\/tr><tr><td class=\"has-text-align-center\" data-align=\"center\"><strong>C\u00f3digo SNIES:<\/strong><\/td><td class=\"has-text-align-center\" data-align=\"center\">116139<\/td><\/tr><tr><td class=\"has-text-align-center\" data-align=\"center\"><strong>Registro Calificado:<\/strong><\/td><td class=\"has-text-align-center\" data-align=\"center\">009307<\/td><\/tr><tr><td class=\"has-text-align-center\" data-align=\"center\"><strong>T\u00edtulo:<\/strong><\/td><td class=\"has-text-align-center\" data-align=\"center\">Mag\u00edster en Gesti\u00f3n y Direcci\u00f3n de Proyectos<\/td><\/tr><tr><td class=\"has-text-align-center\" data-align=\"center\"><strong>Modalidad de Formaci\u00f3n:<\/strong><\/td><td class=\"has-text-align-center\" data-align=\"center\">Profundizaci\u00f3n<\/td><\/tr><tr><td class=\"has-text-align-center\" data-align=\"center\"><strong>Jornada<\/strong><\/td><td class=\"has-text-align-center\" data-align=\"center\">Presencial<\/td><\/tr><tr><td class=\"has-text-align-center\" data-align=\"center\"><strong>Duraci\u00f3n del programa:<\/strong><\/td><td class=\"has-text-align-center\" data-align=\"center\">4 semestres<\/td><\/tr><tr><td class=\"has-text-align-center\" data-align=\"center\"><strong>Total cr\u00e9ditos<\/strong><\/td><td class=\"has-text-align-center\" data-align=\"center\">53 cr\u00e9ditos acad\u00e9micos<\/td><\/tr><tr><td class=\"has-text-align-center\" data-align=\"center\"><strong>Periodicidad de la<br>admisi\u00f3n<\/strong><\/td><td class=\"has-text-align-center\" data-align=\"center\">Por cohortes<\/td><\/tr><tr><td class=\"has-text-align-center\" data-align=\"center\"><strong>Requisitos de admisi\u00f3n<\/strong><\/td><td class=\"has-text-align-center\" data-align=\"center\">1. Tener t\u00edtulo profesional en cualquier \u00e1rea del<br>conocimiento.<br><br>2. Diligenciar los formatos de solicitud de ingreso.<br>Presentar y aprobar la entrevista dirigida por el Comit\u00e9<br>Curricular del programa.<\/td><\/tr><tr><td class=\"has-text-align-center\" data-align=\"center\"><strong>Procesos de selecci\u00f3n<\/strong><\/td><td class=\"has-text-align-center\" data-align=\"center\">Los estudiantes seleccionados ser\u00e1n aquellos que<br>obtengan los mejores puntajes en: hoja de vida y nivel<br>acad\u00e9mico, as\u00ed como en la entrevista dirigida.<\/td><\/tr><tr><td class=\"has-text-align-center\" data-align=\"center\"><strong>Requisitos de grado<\/strong><\/td><td class=\"has-text-align-center\" data-align=\"center\">1. Haber cursado y aprobado las asignaturas, cursos,<br>m\u00f3dulos o modalidades de ense\u00f1anza-aprendizaje<br>se\u00f1alados en el Plan de Estudios con una nota<br>m\u00ednima de 3.0 y un promedio de grado general de<br>3.5.<br><br>2. Elaborar, presentar, sustentar y aprobar el trabajo<br>de grado de conformidad con lo establecido en el<br>Acuerdo 15, por el cual se establece el reglamento<br>de los Estudios de Posgrado y de los respectivos<br>trabajos de grado.<br><br>3. Comprobar que lee y comprende literatura de la<br>especialidad en una segunda lengua extranjera<br>moderna, a juicio del Instituto de Lenguas<br>Extranjeras de la UTP.<br><br>Estar a paz y salvo, por todo concepto, con el programa y<br>con la Universidad.<\/td><\/tr><tr><td class=\"has-text-align-center\" data-align=\"center\"><strong>Valor de la matricula:<\/strong><\/td><td class=\"has-text-align-center\" data-align=\"center\">Inscripci\u00f3n: 0,25 SMMLV<br>Valor de matr\u00edcula por semestre: 6.0 SMMLV<\/td><\/tr><\/tbody><\/table><\/figure>\n<\/div><\/div>\n\n\n\n<figure class=\"wp-block-image size-full\"><img loading=\"lazy\" decoding=\"async\" width=\"2000\" height=\"250\" src=\"https:\/\/media2.utp.edu.co\/programas\/115\/ENCABEZADOS-PAGINA-WEB-1800-x-300-px-1400-x-300-px-2000-x-250-px-6.png\" alt=\"\" class=\"wp-image-296\" \/><\/figure>\n\n\n\n<p class=\"has-text-align-center\"><span class=\"post-content__span\"> Si tienes dudas o deseas conocer m\u00e1s sobre la Maestr\u00eda en Gesti\u00f3n y Direcci\u00f3n de Proyectos, puedes comunicarte con nosotros a trav\u00e9s de los siguientes canales:<\/p>\n\n\n\n<p class=\"has-text-align-center\"><span class=\"post-content__span\">  <strong>Correo electr\u00f3nico:<\/strong> <a>mproyectos@utp.edu.co<\/a><br><strong>Tel\u00e9fono:<\/strong> (606) 313 7120<br><strong>Direcci\u00f3n:<\/strong> Universidad Tecnol\u00f3gica de Pereira, Edificio 5, Oficina 444<\/p>\n\n\n\n<p class=\"has-text-align-center\"><span class=\"post-content__span\"> Tambi\u00e9n puedes seguirnos en nuestras redes sociales para estar al tanto de novedades, eventos y convocatorias:<\/p>\n\n\n\n<p class=\"has-text-align-center\"><span class=\"post-content__span\"> <strong>Instagram:<\/strong> @mgdp_utp<\/p>\n\n\n\n<p><span class=\"post-content__span\"> <\/p>\n","protected":false},"excerpt":{"rendered":"<p>En esta secci\u00f3n encontrar\u00e1s la informaci\u00f3n oficial del programa de Maestr\u00eda en Gesti\u00f3n y Direcci\u00f3n de Proyectos, incluyendo su registro calificado, c\u00f3digo SNIES, modalidad de formaci\u00f3n, duraci\u00f3n y dem\u00e1s caracter\u00edsticas [&#8230;]<\/p>\n","protected":false},"author":1,"featured_media":0,"comment_status":"open","ping_status":"open","sticky":false,"template":"","format":"standard","meta":{"footnotes":""},"categories":[1],"tags":[],"class_list":["post-45","post","type-post","status-publish","format-standard","hentry","category-sin-categoria"],"_links":{"self":[{"href":"https:\/\/industrial.utp.edu.co\/maestria-en-gestion-y-direccion-de-proyectos\/wp-json\/wp\/v2\/posts\/45","targetHints":{"allow":["GET"]}}],"collection":[{"href":"https:\/\/industrial.utp.edu.co\/maestria-en-gestion-y-direccion-de-proyectos\/wp-json\/wp\/v2\/posts"}],"about":[{"href":"https:\/\/industrial.utp.edu.co\/maestria-en-gestion-y-direccion-de-proyectos\/wp-json\/wp\/v2\/types\/post"}],"author":[{"embeddable":true,"href":"https:\/\/industrial.utp.edu.co\/maestria-en-gestion-y-direccion-de-proyectos\/wp-json\/wp\/v2\/users\/1"}],"replies":[{"embeddable":true,"href":"https:\/\/industrial.utp.edu.co\/maestria-en-gestion-y-direccion-de-proyectos\/wp-json\/wp\/v2\/comments?post=45"}],"version-history":[{"count":31,"href":"https:\/\/industrial.utp.edu.co\/maestria-en-gestion-y-direccion-de-proyectos\/wp-json\/wp\/v2\/posts\/45\/revisions"}],"predecessor-version":[{"id":363,"href":"https:\/\/industrial.utp.edu.co\/maestria-en-gestion-y-direccion-de-proyectos\/wp-json\/wp\/v2\/posts\/45\/revisions\/363"}],"wp:attachment":[{"href":"https:\/\/industrial.utp.edu.co\/maestria-en-gestion-y-direccion-de-proyectos\/wp-json\/wp\/v2\/media?parent=45"}],"wp:term":[{"taxonomy":"category","embeddable":true,"href":"https:\/\/industrial.utp.edu.co\/maestria-en-gestion-y-direccion-de-proyectos\/wp-json\/wp\/v2\/categories?post=45"},{"taxonomy":"post_tag","embeddable":true,"href":"https:\/\/industrial.utp.edu.co\/maestria-en-gestion-y-direccion-de-proyectos\/wp-json\/wp\/v2\/tags?post=45"}],"curies":[{"name":"wp","href":"https:\/\/api.w.org\/{rel}","templated":true}]}}