{"id":232,"date":"2026-04-08T08:54:54","date_gmt":"2026-04-08T13:54:54","guid":{"rendered":"https:\/\/industrial.utp.edu.co\/maestria-en-gestion-y-direccion-de-proyectos\/?p=232"},"modified":"2026-04-08T09:05:41","modified_gmt":"2026-04-08T14:05:41","slug":"primera-cohorte-de-la-maestria-en-gestion-y-direccion-de-proyectos-en-su-graduacion-2025","status":"publish","type":"post","link":"https:\/\/industrial.utp.edu.co\/maestria-en-gestion-y-direccion-de-proyectos\/noticias-de-interes\/primera-cohorte-de-la-maestria-en-gestion-y-direccion-de-proyectos-en-su-graduacion-2025\/","title":{"rendered":"Primera cohorte de la Maestr\u00eda en Gesti\u00f3n y Direcci\u00f3n de Proyectos en su graduaci\u00f3n 2025"},"content":{"rendered":"<div class=\"wp-block-image\">\n<figure class=\"aligncenter size-full is-resized\"><img loading=\"lazy\" decoding=\"async\" width=\"1600\" height=\"912\" src=\"https:\/\/media2.utp.edu.co\/programas\/115\/WhatsApp-Image-2026-04-08-at-9.04.48-AM.jpeg\" alt=\"\" class=\"wp-image-242\" style=\"aspect-ratio:1.754488112566715;width:756px;height:auto\" \/><\/figure>\n<\/div>\n\n\n<div class=\"wp-block-columns is-layout-flex wp-container-core-columns-is-layout-9d6595d7 wp-block-columns-is-layout-flex\">\n<div class=\"wp-block-column is-layout-flow wp-block-column-is-layout-flow\"><div class=\"wp-block-image\">\n<figure class=\"aligncenter size-full\"><img loading=\"lazy\" decoding=\"async\" width=\"1280\" height=\"844\" src=\"https:\/\/media2.utp.edu.co\/programas\/115\/6322be09-d5e5-4792-91a1-71de67402859.jpg\" alt=\"\" class=\"wp-image-235\" style=\"aspect-ratio:1.5166828266697086\" \/><\/figure>\n<\/div><\/div>\n\n\n\n<div class=\"wp-block-column is-layout-flow wp-block-column-is-layout-flow\"><div class=\"wp-block-image\">\n<figure class=\"aligncenter size-full\"><img loading=\"lazy\" decoding=\"async\" width=\"1600\" height=\"1066\" src=\"https:\/\/media2.utp.edu.co\/programas\/115\/WhatsApp-Image-2026-04-08-at-9.01.23-AM.jpeg\" alt=\"\" class=\"wp-image-237\" style=\"aspect-ratio:1.5010160307067058\" \/><\/figure>\n<\/div><\/div>\n<\/div>\n\n\n\n<p><span class=\"post-content__span\"> La Maestr\u00eda en Gesti\u00f3n y Direcci\u00f3n de Proyectos de la Facultad de Ciencias Empresariales celebra con orgullo la graduaci\u00f3n de su primera cohorte, un grupo de profesionales que se destac\u00f3 por su compromiso, disciplina y trabajo colaborativo a lo largo de su proceso formativo.<\/p>\n\n\n\n<p><span class=\"post-content__span\"> Este hito representa un logro significativo para el programa, consolidando su apuesta por la formaci\u00f3n de l\u00edderes capaces de gestionar y dirigir proyectos con visi\u00f3n estrat\u00e9gica, impacto organizacional y responsabilidad social.<\/p>\n\n\n\n<p><span class=\"post-content__span\"> Durante su trayectoria acad\u00e9mica, los graduados no solo fortalecieron sus competencias t\u00e9cnicas, sino que tambi\u00e9n construyeron lazos de compa\u00f1erismo y colaboraci\u00f3n, reflejando el esp\u00edritu de una comunidad acad\u00e9mica unida y orientada al crecimiento colectivo.<\/p>\n","protected":false},"excerpt":{"rendered":"<p>Graduaci\u00f3n maestr\u00eda en gesti\u00f3n y direcci\u00f3n de proyectos UTP, Universidad Tecnol\u00f3gica de Pereira posgrados, primera cohorte maestr\u00eda proyectos Pereira, facultad ciencias empresariales UTP, especializaci\u00f3n y maestr\u00eda en proyectos Colombia<\/p>\n","protected":false},"author":138,"featured_media":249,"comment_status":"open","ping_status":"open","sticky":false,"template":"","format":"standard","meta":{"footnotes":""},"categories":[5],"tags":[],"class_list":["post-232","post","type-post","status-publish","format-standard","has-post-thumbnail","hentry","category-noticias-de-interes"],"_links":{"self":[{"href":"https:\/\/industrial.utp.edu.co\/maestria-en-gestion-y-direccion-de-proyectos\/wp-json\/wp\/v2\/posts\/232","targetHints":{"allow":["GET"]}}],"collection":[{"href":"https:\/\/industrial.utp.edu.co\/maestria-en-gestion-y-direccion-de-proyectos\/wp-json\/wp\/v2\/posts"}],"about":[{"href":"https:\/\/industrial.utp.edu.co\/maestria-en-gestion-y-direccion-de-proyectos\/wp-json\/wp\/v2\/types\/post"}],"author":[{"embeddable":true,"href":"https:\/\/industrial.utp.edu.co\/maestria-en-gestion-y-direccion-de-proyectos\/wp-json\/wp\/v2\/users\/138"}],"replies":[{"embeddable":true,"href":"https:\/\/industrial.utp.edu.co\/maestria-en-gestion-y-direccion-de-proyectos\/wp-json\/wp\/v2\/comments?post=232"}],"version-history":[{"count":8,"href":"https:\/\/industrial.utp.edu.co\/maestria-en-gestion-y-direccion-de-proyectos\/wp-json\/wp\/v2\/posts\/232\/revisions"}],"predecessor-version":[{"id":250,"href":"https:\/\/industrial.utp.edu.co\/maestria-en-gestion-y-direccion-de-proyectos\/wp-json\/wp\/v2\/posts\/232\/revisions\/250"}],"wp:featuredmedia":[{"embeddable":true,"href":"https:\/\/industrial.utp.edu.co\/maestria-en-gestion-y-direccion-de-proyectos\/wp-json\/wp\/v2\/media\/249"}],"wp:attachment":[{"href":"https:\/\/industrial.utp.edu.co\/maestria-en-gestion-y-direccion-de-proyectos\/wp-json\/wp\/v2\/media?parent=232"}],"wp:term":[{"taxonomy":"category","embeddable":true,"href":"https:\/\/industrial.utp.edu.co\/maestria-en-gestion-y-direccion-de-proyectos\/wp-json\/wp\/v2\/categories?post=232"},{"taxonomy":"post_tag","embeddable":true,"href":"https:\/\/industrial.utp.edu.co\/maestria-en-gestion-y-direccion-de-proyectos\/wp-json\/wp\/v2\/tags?post=232"}],"curies":[{"name":"wp","href":"https:\/\/api.w.org\/{rel}","templated":true}]}}