{"id":214,"date":"2026-04-07T19:22:27","date_gmt":"2026-04-08T00:22:27","guid":{"rendered":"https:\/\/industrial.utp.edu.co\/maestria-en-gestion-y-direccion-de-proyectos\/?p=214"},"modified":"2026-04-08T09:07:15","modified_gmt":"2026-04-08T14:07:15","slug":"inscripciones-2026-2-maestria-en-gestion-y-direccion-de-proyectos","status":"publish","type":"post","link":"https:\/\/industrial.utp.edu.co\/maestria-en-gestion-y-direccion-de-proyectos\/noticias-de-interes\/inscripciones-2026-2-maestria-en-gestion-y-direccion-de-proyectos\/","title":{"rendered":"Inscripciones 2026-2 Maestr\u00eda en Gesti\u00f3n y Direcci\u00f3n de Proyectos"},"content":{"rendered":"<div class=\"wp-block-image\">\n<figure class=\"aligncenter size-full is-resized\"><img loading=\"lazy\" decoding=\"async\" width=\"1080\" height=\"1440\" src=\"https:\/\/media2.utp.edu.co\/programas\/115\/Inscripciones-Posgrados-Proyectos-2026.png\" alt=\"\" class=\"wp-image-215\" style=\"width:475px;height:auto\" \/><\/figure>\n<\/div>\n\n\n<div class=\"wp-block-columns is-layout-flex wp-container-core-columns-is-layout-9d6595d7 wp-block-columns-is-layout-flex\">\n<div class=\"wp-block-column is-layout-flow wp-block-column-is-layout-flow\" style=\"flex-basis:100%\">\n<hr class=\"wp-block-separator has-alpha-channel-opacity\" \/>\n\n\n\n<p><span class=\"post-content__span\"> Se informa a los aspirantes interesados en la Maestr\u00eda en Gesti\u00f3n y Direcci\u00f3n Proyectos que se encuentran abiertas las inscripciones para el periodo acad\u00e9mico\u00a0<strong>2026-2<\/strong>. A continuaci\u00f3n, se presenta el calendario acad\u00e9mico correspondiente al proceso de admisi\u00f3n y desarrollo del programa.<\/p>\n<\/div>\n<\/div>\n\n\n\n<figure class=\"wp-block-table\"><table class=\"has-fixed-layout\"><thead><tr><th>Actividad<\/th><th>Fecha<\/th><\/tr><\/thead><tbody><tr><td>Inscripci\u00f3n e ingreso de documentos<\/td><td>15 de abril al 22 de mayo de 2026<\/td><\/tr><tr><td>Proceso de admisi\u00f3n<\/td><td>25 al 29 de mayo de 2026<\/td><\/tr><tr><td>Pago de matr\u00edcula<\/td><td>30 de mayo al 17 de junio de 2026<\/td><\/tr><tr><td>Matr\u00edcula acad\u00e9mica<\/td><td>17 de junio al 31 de julio de 2026<\/td><\/tr><tr><td>Inicio de clases<\/td><td>31 de julio de 2026<\/td><\/tr><tr><td>Finalizaci\u00f3n de clases<\/td><td>28 de noviembre de 2026<\/td><\/tr><tr><td>Digitaci\u00f3n de notas<\/td><td>31 de julio al 11 de diciembre de 2026<\/td><\/tr><\/tbody><\/table><\/figure>\n\n\n\n<div class=\"wp-block-group alignfull has-text-color has-background\" style=\"color:#000000;background-color:#ffffff\"><div class=\"wp-block-group__inner-container is-layout-flow wp-block-group-is-layout-flow\">\n<div style=\"height:8px\" aria-hidden=\"true\" class=\"wp-block-spacer\"><\/div>\n\n\n\n<h6 class=\"wp-block-heading has-text-align-center\" id=\"schedule-a-visit\" style=\"font-size:34px;line-height:1.15\">Da el siguiente paso en tu formaci\u00f3n profesional<\/h6>\n\n\n\n<div class=\"wp-block-buttons is-horizontal is-content-justification-center is-layout-flex wp-container-core-buttons-is-layout-499968f5 wp-block-buttons-is-layout-flex\">\n<div class=\"wp-block-button has-custom-width wp-block-button__width-50 is-style-fill\"><a class=\"wp-block-button__link has-luminous-vivid-amber-background-color has-text-color has-background wp-element-button\" href=\"https:\/\/mail.google.com\/mail\/?view=cm&amp;to=mproyectos@utp.edu.co\" style=\"border-radius:50px;color:#ffffff\">Escr\u00edbenos<\/a><\/div>\n<\/div>\n\n\n\n<div style=\"height:64px\" aria-hidden=\"true\" class=\"wp-block-spacer\"><\/div>\n<\/div><\/div>\n","protected":false},"excerpt":{"rendered":"<p>Se informa a los aspirantes interesados en la Maestr\u00eda en Gesti\u00f3n y Direcci\u00f3n Proyectos que se encuentran abiertas las inscripciones para el periodo acad\u00e9mico\u00a02026-2. A continuaci\u00f3n, se presenta el calendario [&#8230;]<\/p>\n","protected":false},"author":138,"featured_media":227,"comment_status":"open","ping_status":"open","sticky":false,"template":"","format":"standard","meta":{"footnotes":""},"categories":[5],"tags":[],"class_list":["post-214","post","type-post","status-publish","format-standard","has-post-thumbnail","hentry","category-noticias-de-interes"],"_links":{"self":[{"href":"https:\/\/industrial.utp.edu.co\/maestria-en-gestion-y-direccion-de-proyectos\/wp-json\/wp\/v2\/posts\/214","targetHints":{"allow":["GET"]}}],"collection":[{"href":"https:\/\/industrial.utp.edu.co\/maestria-en-gestion-y-direccion-de-proyectos\/wp-json\/wp\/v2\/posts"}],"about":[{"href":"https:\/\/industrial.utp.edu.co\/maestria-en-gestion-y-direccion-de-proyectos\/wp-json\/wp\/v2\/types\/post"}],"author":[{"embeddable":true,"href":"https:\/\/industrial.utp.edu.co\/maestria-en-gestion-y-direccion-de-proyectos\/wp-json\/wp\/v2\/users\/138"}],"replies":[{"embeddable":true,"href":"https:\/\/industrial.utp.edu.co\/maestria-en-gestion-y-direccion-de-proyectos\/wp-json\/wp\/v2\/comments?post=214"}],"version-history":[{"count":11,"href":"https:\/\/industrial.utp.edu.co\/maestria-en-gestion-y-direccion-de-proyectos\/wp-json\/wp\/v2\/posts\/214\/revisions"}],"predecessor-version":[{"id":251,"href":"https:\/\/industrial.utp.edu.co\/maestria-en-gestion-y-direccion-de-proyectos\/wp-json\/wp\/v2\/posts\/214\/revisions\/251"}],"wp:featuredmedia":[{"embeddable":true,"href":"https:\/\/industrial.utp.edu.co\/maestria-en-gestion-y-direccion-de-proyectos\/wp-json\/wp\/v2\/media\/227"}],"wp:attachment":[{"href":"https:\/\/industrial.utp.edu.co\/maestria-en-gestion-y-direccion-de-proyectos\/wp-json\/wp\/v2\/media?parent=214"}],"wp:term":[{"taxonomy":"category","embeddable":true,"href":"https:\/\/industrial.utp.edu.co\/maestria-en-gestion-y-direccion-de-proyectos\/wp-json\/wp\/v2\/categories?post=214"},{"taxonomy":"post_tag","embeddable":true,"href":"https:\/\/industrial.utp.edu.co\/maestria-en-gestion-y-direccion-de-proyectos\/wp-json\/wp\/v2\/tags?post=214"}],"curies":[{"name":"wp","href":"https:\/\/api.w.org\/{rel}","templated":true}]}}