{"id":32,"date":"2018-05-21T17:36:12","date_gmt":"2018-05-21T22:36:12","guid":{"rendered":"https:\/\/industrial.utp.edu.co\/maestria-administracion-desarrollo-humano\/sin-categoria\/proyectos-en-curso\/"},"modified":"2022-09-15T11:39:59","modified_gmt":"2022-09-15T16:39:59","slug":"proyectos-en-curso","status":"publish","type":"post","link":"https:\/\/industrial.utp.edu.co\/maestria-administracion-desarrollo-humano\/sin-categoria\/proyectos-en-curso\/","title":{"rendered":"Proyectos en curso"},"content":{"rendered":"\n<figure class=\"wp-block-table table table-striped is-style-stripes\"><table><thead><tr><th><strong>TEMA APROBADO<\/strong><\/th><th><strong>ESTUDIANTES<\/strong><\/th><th><strong>DIRECTOR ASESOR<\/strong><\/th><\/tr><\/thead><tbody><tr><td>\u201cInfluencia del ejercicio f\u00edsico t\u00e9cnicamente dirigido, en la autoestima de los trabajadores oficiales de la Universidad Tecnol\u00f3gica\u201d<\/td><td>\n<ul>\n<li>Alex\u00e1nder Carvajal Grisales<\/li>\n<li>Waldino Casta\u00f1eda Lozano<\/li>\n<\/ul>\n<\/td><td>Luz Stella Montoya Alz\u00e1te<\/td><\/tr><tr><td>\u201cPropuesta de mejoramiento del proceso de Gesti\u00f3n Humana en el \u00c1rea Administrativa de la empresa Crisalltex S. A.\u201d<\/td><td>\n<ul>\n<li>\n<p dir=\"ltr\">Ricardo Alfonso Castillo Gall\u00f3n<\/p>\n<\/li>\n<\/ul>\n<\/td><td>Mar\u00eda Esperanza L\u00f3pez Duque<\/td><\/tr><tr><td>\u201cModelo integral de Gesti\u00f3n Organizacional\u201d<\/td><td>\n<ul>\n<li>Andrea del Pilar Cort\u00e9s V\u00e1quiro<\/li>\n<li>Ricardo Orozco Rodr\u00edguez<\/li>\n<\/ul>\n<\/td><td>Juan Carlos Casta\u00f1o Benjumea<\/td><\/tr><tr><td>\n<p dir=\"ltr\">\u201cModelo de Gesti\u00f3n por Competencias de la Empresa Megab\u00fas S. A.\u201d<\/p>\n<\/td><td>\n<ul>\n<li>Nancy Yaneth Guti\u00e9rrez G\u00f3mez<\/li>\n<li>Dora Lilia Nore\u00f1a Cardona<\/li>\n<\/ul>\n<\/td><td>Sandra Estrada Mej\u00eda<\/td><\/tr><tr><td>\u201cPrograma formativo para el fortalecimiento del ser integral para los estudiantes de la Universidad Tecnol\u00f3gica de Pereira\u201d<\/td><td>\n<ul>\n<li>Liliana Corrales Henao<\/li>\n<li>Waldino Casta\u00f1eda Lozano<\/li>\n<\/ul>\n<\/td><td>Luz Stella Montoya Alzate<\/td><\/tr><tr><td>\u201cLas relaciones de g\u00e9nero: El papel de la mujer en el desarrollo de tres empresas agroindustriales en el Departamento de Risaralda\u201d<\/td><td>\n<ul>\n<li>Lina Mar\u00eda Mart\u00ednez Arias<\/li>\n<\/ul>\n<\/td><td>Carlos Alfonso Victoria Mena<\/td><\/tr><tr><td>\u201cCreaci\u00f3n del \u00e1rea de Desarrollo Humano para la IPS Neuroser\u201d<\/td><td>\n<ul>\n<li>\n<p dir=\"ltr\">Carmen Elena Rojas Mu\u00f1oz<\/p>\n<\/li>\n<\/ul>\n<\/td><td>Juan Carlos Casta\u00f1o Benjumea<\/td><\/tr><tr><td>\u201cEstudio de factibilidad para la Fundaci\u00f3n Neurointervenir\u201d<\/td><td>\n<ul>\n<li>Sabrina Morales Arbel\u00e1ez<\/li>\n<li>Mariana del Pilar Vega Lemus<\/li>\n<\/ul>\n<\/td><td>Mar\u00eda Esperanza L\u00f3pez Duque<\/td><\/tr><tr><td>\u201cDiagn\u00f3stico de la rotaci\u00f3n del capital humano y dise\u00f1o del programa de retenci\u00f3n en Lagobo Distribuciones S. A.\u201d<\/td><td>\n<ul>\n<li>Mar\u00eda Yenifer G\u00f3mez Ram\u00edrez<\/li>\n<li>Yuleny Galvis Acosta<\/li>\n<\/ul>\n<\/td><td>Gloria Luc\u00eda L\u00f3pez Vel\u00e1squez<\/td><\/tr><\/tbody><\/table><\/figure>\n","protected":false},"excerpt":{"rendered":"<p>TEMA APROBADO ESTUDIANTES DIRECTOR ASESOR \u201cInfluencia del ejercicio f\u00edsico t\u00e9cnicamente dirigido, en la autoestima de los trabajadores oficiales de la Universidad Tecnol\u00f3gica\u201d Alex\u00e1nder Carvajal Grisales Waldino Casta\u00f1eda Lozano Luz Stella [&#8230;]<\/p>\n","protected":false},"author":1,"featured_media":0,"comment_status":"closed","ping_status":"closed","sticky":false,"template":"","format":"standard","meta":{"footnotes":""},"categories":[1],"tags":[],"class_list":["post-32","post","type-post","status-publish","format-standard","hentry","category-sin-categoria"],"_links":{"self":[{"href":"https:\/\/industrial.utp.edu.co\/maestria-administracion-desarrollo-humano\/wp-json\/wp\/v2\/posts\/32","targetHints":{"allow":["GET"]}}],"collection":[{"href":"https:\/\/industrial.utp.edu.co\/maestria-administracion-desarrollo-humano\/wp-json\/wp\/v2\/posts"}],"about":[{"href":"https:\/\/industrial.utp.edu.co\/maestria-administracion-desarrollo-humano\/wp-json\/wp\/v2\/types\/post"}],"author":[{"embeddable":true,"href":"https:\/\/industrial.utp.edu.co\/maestria-administracion-desarrollo-humano\/wp-json\/wp\/v2\/users\/1"}],"replies":[{"embeddable":true,"href":"https:\/\/industrial.utp.edu.co\/maestria-administracion-desarrollo-humano\/wp-json\/wp\/v2\/comments?post=32"}],"version-history":[{"count":3,"href":"https:\/\/industrial.utp.edu.co\/maestria-administracion-desarrollo-humano\/wp-json\/wp\/v2\/posts\/32\/revisions"}],"predecessor-version":[{"id":10193,"href":"https:\/\/industrial.utp.edu.co\/maestria-administracion-desarrollo-humano\/wp-json\/wp\/v2\/posts\/32\/revisions\/10193"}],"wp:attachment":[{"href":"https:\/\/industrial.utp.edu.co\/maestria-administracion-desarrollo-humano\/wp-json\/wp\/v2\/media?parent=32"}],"wp:term":[{"taxonomy":"category","embeddable":true,"href":"https:\/\/industrial.utp.edu.co\/maestria-administracion-desarrollo-humano\/wp-json\/wp\/v2\/categories?post=32"},{"taxonomy":"post_tag","embeddable":true,"href":"https:\/\/industrial.utp.edu.co\/maestria-administracion-desarrollo-humano\/wp-json\/wp\/v2\/tags?post=32"}],"curies":[{"name":"wp","href":"https:\/\/api.w.org\/{rel}","templated":true}]}}