{"id":89,"date":"2023-10-26T15:23:51","date_gmt":"2023-10-26T20:23:51","guid":{"rendered":"https:\/\/industrial.utp.edu.co\/especializacion-seguridad-y-salud-en-el-trabajo\/?p=89"},"modified":"2023-10-26T15:31:44","modified_gmt":"2023-10-26T20:31:44","slug":"docentes","status":"publish","type":"post","link":"https:\/\/industrial.utp.edu.co\/especializacion-seguridad-y-salud-en-el-trabajo\/sin-categoria\/docentes\/","title":{"rendered":"Docentes"},"content":{"rendered":"\n<p><span class=\"post-content__span\"> <strong><em>Pedro Daniel Medina Varela<\/em><\/strong><\/p>\n\n\n\n<p><span class=\"post-content__span\"> <em>Ingeniero Mec\u00e1nico (Universidad del Valle), Mag\u00edster en Ingenier\u00eda Industrial (Universidad de los Andes), Certificaci\u00f3n Internacional Green Belt en Lean Six Sigma. Director de los programas de Maestr\u00eda en Sistemas Integrados de Gesti\u00f3n de la Calidad y de la Especializaci\u00f3n en Gesti\u00f3n de la Calidad y Normalizaci\u00f3n T\u00e9cnica de la Universidad Tecnol\u00f3gica de Pereira.<\/em><\/p>\n\n\n\n<p><span class=\"post-content__span\"> <strong><em>Wilson Arenas Valencia<\/em><\/strong><\/p>\n\n\n\n<p><span class=\"post-content__span\"> <em>Ingeniero Industrial (Universidad el Tecnol\u00f3gica de Pereira), Mag\u00edster en Investigaci\u00f3n de Operaciones y Estad\u00edstica (Universidad Tecnol\u00f3gica de Pereira), Doctor en Proyectos (Universidad Internacional Iberoamericana). Decano de la Facultad de Ciencias Empresariales de la Universidad Tecnol\u00f3gica de Pereira.<\/em><\/p>\n\n\n\n<p><span class=\"post-content__span\"> <strong><em>Juan Carlos Casta\u00f1o Benjumea<\/em><\/strong><\/p>\n\n\n\n<p><span class=\"post-content__span\"> <em>Ingeniero Industrial (Universidad el Tecnol\u00f3gica de Pereira), Especialista en Administraci\u00f3n del Desarrollo Humano (Universidad Tecnol\u00f3gica de Pereira), Mag\u00edster en Administraci\u00f3n Econ\u00f3mica y Financiera (Universidad Tecnol\u00f3gica de Pereira), Doctor en Ciencias de la Administraci\u00f3n (Universidad Nacional Aut\u00f3noma de M\u00e9xico). Director de la Maestr\u00eda en Administraci\u00f3n del Desarrollo Humano y Organizacional de la Universidad Tecnol\u00f3gica de Pereira.<\/em><\/p>\n\n\n\n<p><span class=\"post-content__span\"> <strong><em>Sandra Estrada Mej\u00eda<\/em><\/strong><\/p>\n\n\n\n<p><span class=\"post-content__span\"> <em>Ingeniera de Sistemas (Universidad Aut\u00f3noma de Manizales&nbsp;&nbsp;&nbsp;&nbsp;&nbsp;&nbsp;&nbsp;&nbsp;&nbsp;&nbsp; ), Especialista en Docencia Universitaria (Universidad Cooperativa de Colombia), Mag\u00edster en Administraci\u00f3n Econ\u00f3mica y Financiera (Universidad Tecnol\u00f3gica de Pereira), Doctora en Ciencias Pedag\u00f3gicas (Instituto Pedag\u00f3gico Latinoamericano y Caribe\u00f1o). Directora de la Maestr\u00eda en Administraci\u00f3n Econ\u00f3mica y Financiera de la Universidad Tecnol\u00f3gica de Pereira.<\/em><\/p>\n\n\n\n<p><span class=\"post-content__span\"> <strong><em>John Andr\u00e9s Mu\u00f1oz Guevara<\/em><\/strong><\/p>\n\n\n\n<p><span class=\"post-content__span\"> <em>Ingeniero Industrial (Universidad Cooperativa de Colombia), Mag\u00edster en Sistemas Autom\u00e1ticos de Producci\u00f3n (Universidad Tecnol\u00f3gica de Pereira), Doctor (C) en Ingenier\u00eda (Universidad Tecnol\u00f3gica de Pereira). Director Grupo de Investigaci\u00f3n GIMPRO (UTP)-Categor\u00eda C.<\/em><\/p>\n\n\n\n<p><span class=\"post-content__span\"> <strong><em>C\u00e9sar Augusto Zapata Urquijo<\/em><\/strong><\/p>\n\n\n\n<p><span class=\"post-content__span\"> <em>Ingeniero Industrial (Universidad Tecnol\u00f3gica de Pereira), Especialista en Negocios Internacionales (Universidad Libre de Colombia), Mag\u00edster en Sistemas Integrados de Gesti\u00f3n de la Calidad (Universidad Tecnol\u00f3gica de Pereira).<\/em><\/p>\n\n\n\n<p><span class=\"post-content__span\"> <strong><em>Enis Paola Garc\u00eda Garc\u00eda<\/em><\/strong><\/p>\n\n\n\n<p><span class=\"post-content__span\"> <em>Ingeniera Industrial (Universidad Tecnol\u00f3gica de Pereira), Especialista en Gesti\u00f3n de la Calidad y Normalizaci\u00f3n T\u00e9cnica (Universidad Tecnol\u00f3gica de Pereira), Mag\u00edster en Sistemas Integrados de Gesti\u00f3n de la Calidad (Universidad Tecnol\u00f3gica de Pereira). Directora del QLCT.<\/em><\/p>\n\n\n\n<p><span class=\"post-content__span\"> <strong><em>Luz Estella Restrepo de Ocampo<\/em><\/strong><\/p>\n\n\n\n<p><span class=\"post-content__span\"> <em>Ingeniera Industrial (Universidad Tecnol\u00f3gica de Pereira), Mag\u00edster en Administraci\u00f3n Econ\u00f3mica y Financiera (Universidad Tecnol\u00f3gica de Pereira), Doctora en Ciencias de la Educaci\u00f3n (Universidad Tecnol\u00f3gica de Pereira). Directora de la Maestr\u00eda en Administraci\u00f3n de Empresas de la Universidad Tecnol\u00f3gica de Pereira.<\/em><\/p>\n\n\n\n<p><span class=\"post-content__span\"> <strong><em>Mar\u00eda Elena Bernal Loaiza<\/em><\/strong><\/p>\n\n\n\n<p><span class=\"post-content__span\"> <em>Ingeniera en Sistemas (Universidad Nacional Abierta y a Distancia), Mag\u00edster en Investigaci\u00f3n Operativa y Estad\u00edstica (Universidad Tecnol\u00f3gica de Pereira), Mag\u00edster en Administraci\u00f3n del Desarrollo Humano y Organizacional (Universidad Tecnol\u00f3gica de Pereira), Doctora Did\u00e1ctica (Universidad Tecnol\u00f3gica de Pereira). Directora del Grupo de Investigaci\u00f3n DEA (UTP)-Categor\u00eda A.<\/em><\/p>\n\n\n\n<p><span class=\"post-content__span\"> <strong><em>Germ\u00e1n Cook Sarmiento<\/em><\/strong><\/p>\n\n\n\n<p><span class=\"post-content__span\"> <em>Ingeniero Industrial (Universidad Tecnol\u00f3gica de Pereira), Mag\u00edster en Investigaci\u00f3n Operativa y Estad\u00edstica (Universidad Tecnol\u00f3gica de Pereira).<\/em><\/p>\n\n\n\n<p><span class=\"post-content__span\"> <strong><em>Jorge Hern\u00e1n Restrepo Correa<\/em><\/strong><\/p>\n\n\n\n<p><span class=\"post-content__span\"> <em>Ingeniero Industrial (Universidad Tecnol\u00f3gica de Pereira), Mag\u00edster en Investigaci\u00f3n Operativa y Estad\u00edstica (Universidad Tecnol\u00f3gica de Pereira), Doctor en Ciencias de la Ingenier\u00eda Avanzada \u00e1rea Ergonom\u00eda (Universidad Aut\u00f3noma de Ciudad Ju\u00e1rez).<\/em><\/p>\n\n\n\n<p><span class=\"post-content__span\"> <strong><em>Leonel Arias Montoya<\/em><\/strong><\/p>\n\n\n\n<p><span class=\"post-content__span\"> <em>Ingeniero Industrial (Universidad el Tecnol\u00f3gica de Pereira), Especialista en Administraci\u00f3n del Desarrollo Humano (Universidad Tecnol\u00f3gica de Pereira), Mag\u00edster en Administraci\u00f3n Econ\u00f3mica y Financiera (Universidad Tecnol\u00f3gica de Pereira), Doctor en Did\u00e1ctica (Universidad Tecnol\u00f3gica de Pereira). Director de los programas de Maestr\u00eda en Gesti\u00f3n y Direcci\u00f3n de Proyectos y de la Especializaci\u00f3n en Gerencia de Proyectos de la Universidad Tecnol\u00f3gica de Pereira.<\/em><\/p>\n\n\n\n<p><span class=\"post-content__span\"> <strong><em>Pablo C\u00e9sar Tabares Quintero<\/em><\/strong><\/p>\n\n\n\n<p><span class=\"post-content__span\"> <em>Profesional en Salud Ocupacional (Universidad del Quind\u00edo), Especialista en Higiene del Trabajo (Universidad del Quind\u00edo), Mag\u00edster en Gesti\u00f3n de Riesgos (Universidad Libre de Colombia). Coordinado del \u00c1rea de Salud Integral (Universidad Tecnol\u00f3gica de Pereira).<\/em><\/p>\n\n\n\n<p><span class=\"post-content__span\"> <strong><em>Marcela Hoyos Vergara<\/em><\/strong><\/p>\n\n\n\n<p><span class=\"post-content__span\"> <em>Psic\u00f3loga (Universidad de Manizales), Especialista en Seguridad y Salud en el Trabajo (Unidad Central del Valle del Cauca), Mag\u00edster en Pedagog\u00eda (Unidad Central del Valle del Cauca<\/em><\/p>\n\n\n\n<p><span class=\"post-content__span\"> <strong><em>Alvaro Albornoz Villota<\/em><\/strong><\/p>\n\n\n\n<p><span class=\"post-content__span\"> <em>Ingeniero Electr\u00f3nico (Universidad Aut\u00f3noma de Manizales), Especialista en Salud Ocupacional, Gerencia y Control de Riesgos (Universidad Libre de Colombia), Especialista en Gesti\u00f3n Energ\u00e9tica (Universidad de la Salle), Mag\u00edster en Sistemas Integrados de Gesti\u00f3n de la Calidad (Universidad Tecnol\u00f3gica de Pereira). Consultor con amplia experiencia en Normas ISO 9001:2015, ISO 50001:2018, ISO 14001:2015 e ISO 45001:2018.<\/em><\/p>\n\n\n\n<p><span class=\"post-content__span\"> <strong><em>Juan Carlos Vel\u00e1squez Valencia<\/em><\/strong><\/p>\n\n\n\n<p><span class=\"post-content__span\"> <em>M\u00e9dico General (Universidad Tecnol\u00f3gica de Pereira), Especialista en Fisiolog\u00eda del Trabajo (Instituto de Salud de los Trabajadores de Cuba), Mag\u00edster en Medicina del Trabajo (Universidad Nacional Aut\u00f3noma de M\u00e9xico), Doctor en Ciencias T\u00e9cnicas Biom\u00e9dicas-Ergonom\u00eda (Instituto Superior Polit\u00e9cnico Jos\u00e9 Antonio Echavarr\u00eda, Cuba). Director Cient\u00edfico Ergos Health S.A.S y Docente Investigador Universidad el Valle.<\/em><\/p>\n\n\n\n<p><span class=\"post-content__span\"> <strong><em>Alexander Rodr\u00edguez Londo\u00f1o<\/em><\/strong><\/p>\n\n\n\n<p><span class=\"post-content__span\"> <em>M\u00e9dico General (Universidad Santiago de Cali), Especialista en Salud Ocupacional (Universidad Libre de Colombia), Especialista en Seguridad Social (Universidad Javeriana), Especialista en Auditor\u00eda de Salud (Universidad del Valle), Mag\u00edster en Epidemiolog\u00eda (Universidad Libre de Colombia). M\u00e9dico Laboral de Seguimiento, ARL Sura.<\/em><\/p>\n\n\n\n<p><span class=\"post-content__span\"> <strong><em>Germ\u00e1n Cobo Mej\u00eda<\/em><\/strong><\/p>\n\n\n\n<p><span class=\"post-content__span\"> <em>Ingeniero Ambiental (Unidad Central del Valle del Cauca), Mag\u00edster en Salud Ocupacional (Universidad del Valle), M\u00e1ster en Prevenci\u00f3n de Riesgos Laborales (Universidad de la Rioja), Doctor(C) en Ergonom\u00eda y Factores Humanos (Universidad del Valle). Coordinador de la Especializaci\u00f3n en Seguridad y Salud en el Trabajo (Unidad Central del Valle del Cauca).<\/em><\/p>\n\n\n\n<p><span class=\"post-content__span\"> <strong><em>Mauricio Cardona Correa<\/em><\/strong><\/p>\n\n\n\n<p><span class=\"post-content__span\"> <em>Administrador de Empresas (Universidad Cooperativa de Colombia), Especialista en Seguridad y Salud en el Trabajo, Gerencia y Control del Riesgo (Universidad Libre de Colombia), Especialista en Gesti\u00f3n de la Calidad y Normalizaci\u00f3n T\u00e9cnica (Universidad Tecnol\u00f3gica de Pereira), Mag\u00edster en Sistemas Integrados de Gesti\u00f3n de la Calidad (Universidad Tecnol\u00f3gica de Pereira). Docente Universitario Orientando de materias en programas de postgrado y pregrado relacionados con sistemas de gesti\u00f3n (Estructura, significado, aplicaci\u00f3n, relaci\u00f3n con la organizaci\u00f3n, normas t\u00e9cnicas de sistemas de gesti\u00f3n, planificaci\u00f3n, auditor\u00eda, documentaci\u00f3n, gesti\u00f3n del riesgo, entre otros). Consultor\u00eda Empresarial, ejerciendo un acompa\u00f1amiento profesional en la implementaci\u00f3n, mantenimiento y mejoramiento de sistemas de gesti\u00f3n (calidad, ambiental, seguridad y salud en el trabajo, control y seguridad, entre otros) con base en normas ISO, u otros modelos tales como BASC, Decreto 1072, y otros. Acompa\u00f1amiento en la formulaci\u00f3n de la planeaci\u00f3n estrat\u00e9gica.<\/em><\/p>\n\n\n\n<p><span class=\"post-content__span\"> <strong><em>Erika Justine Cardona Parra<\/em><\/strong><\/p>\n\n\n\n<p><span class=\"post-content__span\"> <em>Ingeniera Industrial (Universidad Tecnol\u00f3gica de Pereira), Especialista en Gesti\u00f3n de la Calidad y Normalizaci\u00f3n T\u00e9cnica (Universidad Tecnol\u00f3gica de Pereira), Especialista en Gesti\u00f3n de la Seguridad y Salud en el Trabajo (UNITEC), Mag\u00edster en Sistemas Integrados de Gesti\u00f3n de la Calidad (Universidad Tecnol\u00f3gica de Pereira). Decana Fundaci\u00f3n Universitaria Comfamiliar.<\/em><\/p>\n\n\n\n<p><span class=\"post-content__span\"> <strong><em>Carlos Alberto Londo\u00f1o Cardona<\/em><\/strong><\/p>\n\n\n\n<p><span class=\"post-content__span\"> <em>Ingeniera Civil (Universidad del Quind\u00edo), Especialista en Salud Ocupacional e Higiene del Trabajo (Universidad del Quind\u00edo), Mag\u00edster en Prevenci\u00f3n de Riesgos Laborales (Universidad Internacional de la Rioja). Decana Fundaci\u00f3n Universitaria Comfamiliar. Docente Tiempo Completo, Programa de Seguridad y Salud en el Trabajo, Facultad de Ciencias de la Salud (Universidad del Quind\u00edo).<\/em><\/p>\n\n\n\n<p><span class=\"post-content__span\"> <strong><em>Nelly Concepci\u00f3n Parra Cely<\/em><\/strong><\/p>\n\n\n\n<p><span class=\"post-content__span\"> <em>Ingeniera Ambiental (Universidad Manuela Beltr\u00e1n), Especialista en Gerencia Log\u00edstica (Universidad Libre de Colombia), Especialista en Derecho Laboral y Seguridad Social (Universidad Libre de Colombia). Consultora Internacional de Dupont en Operaciones de Salud, Higiene y Ambiente.<\/em><\/p>\n\n\n\n<p><span class=\"post-content__span\"> <strong><em>Dayana Alzate D\u00e1vila<\/em><\/strong><\/p>\n\n\n\n<p><span class=\"post-content__span\"> <em>Administradora de Empresas (Universidad Antonio Nari\u00f1o), Especialista en Gerencia en Salud Ocupacional (Fundaci\u00f3n Universitaria de \u00c1rea Andina), Mag\u00edster en Administraci\u00f3n P\u00fablica (Escuela Superior de Administraci\u00f3n P\u00fablica). Contratista en SST en el componente de Higiene del Trabajo (Universidad Tecnol\u00f3gica de Pereira).<\/em><\/p>\n\n\n\n<p><span class=\"post-content__span\"> <em>&nbsp;<strong>Yonier Humberto Zuleta Aguirre<\/strong><\/em><\/p>\n\n\n\n<p><span class=\"post-content__span\"> <em>Ingeniero Industrial (Universidad Tecnol\u00f3gica de Pereira), Especialista en Finanzas (EAFIT), Mag\u00edster en Administraci\u00f3n Financiera (EAFIT). Consultor en Mejora del Desempe\u00f1o y Excelencia Operacional.<\/em><\/p>\n","protected":false},"excerpt":{"rendered":"<p>Pedro Daniel Medina Varela Ingeniero Mec\u00e1nico (Universidad del Valle), Mag\u00edster en Ingenier\u00eda Industrial (Universidad de los Andes), Certificaci\u00f3n Internacional Green Belt en Lean Six Sigma. Director de los programas de [&#8230;]<\/p>\n","protected":false},"author":1,"featured_media":0,"comment_status":"open","ping_status":"open","sticky":false,"template":"","format":"standard","meta":{"footnotes":""},"categories":[1],"tags":[],"class_list":["post-89","post","type-post","status-publish","format-standard","hentry","category-sin-categoria"],"_links":{"self":[{"href":"https:\/\/industrial.utp.edu.co\/especializacion-seguridad-y-salud-en-el-trabajo\/wp-json\/wp\/v2\/posts\/89","targetHints":{"allow":["GET"]}}],"collection":[{"href":"https:\/\/industrial.utp.edu.co\/especializacion-seguridad-y-salud-en-el-trabajo\/wp-json\/wp\/v2\/posts"}],"about":[{"href":"https:\/\/industrial.utp.edu.co\/especializacion-seguridad-y-salud-en-el-trabajo\/wp-json\/wp\/v2\/types\/post"}],"author":[{"embeddable":true,"href":"https:\/\/industrial.utp.edu.co\/especializacion-seguridad-y-salud-en-el-trabajo\/wp-json\/wp\/v2\/users\/1"}],"replies":[{"embeddable":true,"href":"https:\/\/industrial.utp.edu.co\/especializacion-seguridad-y-salud-en-el-trabajo\/wp-json\/wp\/v2\/comments?post=89"}],"version-history":[{"count":1,"href":"https:\/\/industrial.utp.edu.co\/especializacion-seguridad-y-salud-en-el-trabajo\/wp-json\/wp\/v2\/posts\/89\/revisions"}],"predecessor-version":[{"id":90,"href":"https:\/\/industrial.utp.edu.co\/especializacion-seguridad-y-salud-en-el-trabajo\/wp-json\/wp\/v2\/posts\/89\/revisions\/90"}],"wp:attachment":[{"href":"https:\/\/industrial.utp.edu.co\/especializacion-seguridad-y-salud-en-el-trabajo\/wp-json\/wp\/v2\/media?parent=89"}],"wp:term":[{"taxonomy":"category","embeddable":true,"href":"https:\/\/industrial.utp.edu.co\/especializacion-seguridad-y-salud-en-el-trabajo\/wp-json\/wp\/v2\/categories?post=89"},{"taxonomy":"post_tag","embeddable":true,"href":"https:\/\/industrial.utp.edu.co\/especializacion-seguridad-y-salud-en-el-trabajo\/wp-json\/wp\/v2\/tags?post=89"}],"curies":[{"name":"wp","href":"https:\/\/api.w.org\/{rel}","templated":true}]}}