{"id":83,"date":"2023-10-26T15:21:30","date_gmt":"2023-10-26T20:21:30","guid":{"rendered":"https:\/\/industrial.utp.edu.co\/especializacion-seguridad-y-salud-en-el-trabajo\/?p=83"},"modified":"2023-10-26T15:31:45","modified_gmt":"2023-10-26T20:31:45","slug":"requisitos-de-graduacion","status":"publish","type":"post","link":"https:\/\/industrial.utp.edu.co\/especializacion-seguridad-y-salud-en-el-trabajo\/sin-categoria\/requisitos-de-graduacion\/","title":{"rendered":"Requisitos de Graduaci\u00f3n"},"content":{"rendered":"\n<p><span class=\"post-content__span\"> <em>Cumplir de manera satisfactoria con el 100% de los cr\u00e9ditos acad\u00e9micos del programa, presentar y sustentar con nota m\u00ednima de aprobado un trabajo de grado y estar a paz y salvo en todo concepto con el programa y la universidad.<\/em><\/p>\n","protected":false},"excerpt":{"rendered":"<p>Cumplir de manera satisfactoria con el 100% de los cr\u00e9ditos acad\u00e9micos del programa, presentar y sustentar con nota m\u00ednima de aprobado un trabajo de grado y estar a paz y [&#8230;]<\/p>\n","protected":false},"author":1,"featured_media":0,"comment_status":"open","ping_status":"open","sticky":false,"template":"","format":"standard","meta":{"footnotes":""},"categories":[1],"tags":[],"class_list":["post-83","post","type-post","status-publish","format-standard","hentry","category-sin-categoria"],"_links":{"self":[{"href":"https:\/\/industrial.utp.edu.co\/especializacion-seguridad-y-salud-en-el-trabajo\/wp-json\/wp\/v2\/posts\/83","targetHints":{"allow":["GET"]}}],"collection":[{"href":"https:\/\/industrial.utp.edu.co\/especializacion-seguridad-y-salud-en-el-trabajo\/wp-json\/wp\/v2\/posts"}],"about":[{"href":"https:\/\/industrial.utp.edu.co\/especializacion-seguridad-y-salud-en-el-trabajo\/wp-json\/wp\/v2\/types\/post"}],"author":[{"embeddable":true,"href":"https:\/\/industrial.utp.edu.co\/especializacion-seguridad-y-salud-en-el-trabajo\/wp-json\/wp\/v2\/users\/1"}],"replies":[{"embeddable":true,"href":"https:\/\/industrial.utp.edu.co\/especializacion-seguridad-y-salud-en-el-trabajo\/wp-json\/wp\/v2\/comments?post=83"}],"version-history":[{"count":1,"href":"https:\/\/industrial.utp.edu.co\/especializacion-seguridad-y-salud-en-el-trabajo\/wp-json\/wp\/v2\/posts\/83\/revisions"}],"predecessor-version":[{"id":84,"href":"https:\/\/industrial.utp.edu.co\/especializacion-seguridad-y-salud-en-el-trabajo\/wp-json\/wp\/v2\/posts\/83\/revisions\/84"}],"wp:attachment":[{"href":"https:\/\/industrial.utp.edu.co\/especializacion-seguridad-y-salud-en-el-trabajo\/wp-json\/wp\/v2\/media?parent=83"}],"wp:term":[{"taxonomy":"category","embeddable":true,"href":"https:\/\/industrial.utp.edu.co\/especializacion-seguridad-y-salud-en-el-trabajo\/wp-json\/wp\/v2\/categories?post=83"},{"taxonomy":"post_tag","embeddable":true,"href":"https:\/\/industrial.utp.edu.co\/especializacion-seguridad-y-salud-en-el-trabajo\/wp-json\/wp\/v2\/tags?post=83"}],"curies":[{"name":"wp","href":"https:\/\/api.w.org\/{rel}","templated":true}]}}