{"id":79,"date":"2023-10-26T15:19:20","date_gmt":"2023-10-26T20:19:20","guid":{"rendered":"https:\/\/industrial.utp.edu.co\/especializacion-seguridad-y-salud-en-el-trabajo\/?p=79"},"modified":"2023-10-26T15:31:45","modified_gmt":"2023-10-26T20:31:45","slug":"duracion-y-caracteristicas-de-estudio","status":"publish","type":"post","link":"https:\/\/industrial.utp.edu.co\/especializacion-seguridad-y-salud-en-el-trabajo\/sin-categoria\/duracion-y-caracteristicas-de-estudio\/","title":{"rendered":"Duraci\u00f3n y caracter\u00edsticas de estudio"},"content":{"rendered":"\n<p><span class=\"post-content__span\"> <em>El programa de Especializaci\u00f3n \u00a0en Seguridad y Salud en el Trabajo tiene una duraci\u00f3n de 2 semestres acad\u00e9micos. Est\u00e1 compuesto por un total de 30 cr\u00e9ditos acad\u00e9micos que cubren 13 asignaturas, incluyendo 2 asignaturas electivas y dos asignaturas encaminadas al desarrollo de habilidades investigativas. Las clases se programan de manera presencial con una intensidad de 10 horas semanales.<\/em><\/p>\n","protected":false},"excerpt":{"rendered":"<p>El programa de Especializaci\u00f3n \u00a0en Seguridad y Salud en el Trabajo tiene una duraci\u00f3n de 2 semestres acad\u00e9micos. Est\u00e1 compuesto por un total de 30 cr\u00e9ditos acad\u00e9micos que cubren 13 [&#8230;]<\/p>\n","protected":false},"author":1,"featured_media":0,"comment_status":"open","ping_status":"open","sticky":false,"template":"","format":"standard","meta":{"footnotes":""},"categories":[1],"tags":[],"class_list":["post-79","post","type-post","status-publish","format-standard","hentry","category-sin-categoria"],"_links":{"self":[{"href":"https:\/\/industrial.utp.edu.co\/especializacion-seguridad-y-salud-en-el-trabajo\/wp-json\/wp\/v2\/posts\/79","targetHints":{"allow":["GET"]}}],"collection":[{"href":"https:\/\/industrial.utp.edu.co\/especializacion-seguridad-y-salud-en-el-trabajo\/wp-json\/wp\/v2\/posts"}],"about":[{"href":"https:\/\/industrial.utp.edu.co\/especializacion-seguridad-y-salud-en-el-trabajo\/wp-json\/wp\/v2\/types\/post"}],"author":[{"embeddable":true,"href":"https:\/\/industrial.utp.edu.co\/especializacion-seguridad-y-salud-en-el-trabajo\/wp-json\/wp\/v2\/users\/1"}],"replies":[{"embeddable":true,"href":"https:\/\/industrial.utp.edu.co\/especializacion-seguridad-y-salud-en-el-trabajo\/wp-json\/wp\/v2\/comments?post=79"}],"version-history":[{"count":1,"href":"https:\/\/industrial.utp.edu.co\/especializacion-seguridad-y-salud-en-el-trabajo\/wp-json\/wp\/v2\/posts\/79\/revisions"}],"predecessor-version":[{"id":80,"href":"https:\/\/industrial.utp.edu.co\/especializacion-seguridad-y-salud-en-el-trabajo\/wp-json\/wp\/v2\/posts\/79\/revisions\/80"}],"wp:attachment":[{"href":"https:\/\/industrial.utp.edu.co\/especializacion-seguridad-y-salud-en-el-trabajo\/wp-json\/wp\/v2\/media?parent=79"}],"wp:term":[{"taxonomy":"category","embeddable":true,"href":"https:\/\/industrial.utp.edu.co\/especializacion-seguridad-y-salud-en-el-trabajo\/wp-json\/wp\/v2\/categories?post=79"},{"taxonomy":"post_tag","embeddable":true,"href":"https:\/\/industrial.utp.edu.co\/especializacion-seguridad-y-salud-en-el-trabajo\/wp-json\/wp\/v2\/tags?post=79"}],"curies":[{"name":"wp","href":"https:\/\/api.w.org\/{rel}","templated":true}]}}