{"id":73,"date":"2023-10-26T15:17:56","date_gmt":"2023-10-26T20:17:56","guid":{"rendered":"https:\/\/industrial.utp.edu.co\/especializacion-seguridad-y-salud-en-el-trabajo\/?p=73"},"modified":"2023-10-28T16:41:11","modified_gmt":"2023-10-28T21:41:11","slug":"expectativas-ocupacionales-del-egresado","status":"publish","type":"post","link":"https:\/\/industrial.utp.edu.co\/especializacion-seguridad-y-salud-en-el-trabajo\/sin-categoria\/expectativas-ocupacionales-del-egresado\/","title":{"rendered":"Expectativas ocupacionales del egresado"},"content":{"rendered":"\n<p><span class=\"post-content__span\"> <strong><em>El estudiante egresado tendr\u00e1 toda la formaci\u00f3n y competencias para desempe\u00f1arse como:<\/em><\/strong><\/p>\n\n\n\n<ul class=\"wp-block-list\">\n<li><em>Director o coordinador del sistema de gesti\u00f3n en seguridad y salud en el trabajo.<\/em><\/li>\n\n\n\n<li><em>Asesor y consultor en empresas p\u00fablicas o privadas, prestadoras de servicios de<\/em> <em>seguridad y salud en el trabajo.<\/em><\/li>\n\n\n\n<li><em>Coordinador de las \u00e1reas de talento humano de las organizaciones.<\/em><\/li>\n\n\n\n<li><em>Investigador en temad de seguridad y salud en el trabajo.<\/em><\/li>\n\n\n\n<li><em>Gerente, Prestador, Coordinador e integrante en los equipos de innovaci\u00f3n y gesti\u00f3n<\/em> <em>del conocimiento en seguridad y salud en el trabajo en las empresas del sistema<\/em> <em>general de riesgos laborales.<\/em><\/li>\n\n\n\n<li><em>Director de los procesos de intervenci\u00f3n para empresas o sectores econ\u00f3micos.<\/em><\/li>\n\n\n\n<li><em>Auditor del Sistema de Gesti\u00f3n de la Seguridad y Salud en el Trabajo. SG-SST.<\/em><\/li>\n\n\n\n<li><em>Coordinador de los sistemas integrados de Gesti\u00f3n.<\/em><\/li>\n<\/ul>\n","protected":false},"excerpt":{"rendered":"<p>El estudiante egresado tendr\u00e1 toda la formaci\u00f3n y competencias para desempe\u00f1arse como:<\/p>\n","protected":false},"author":1,"featured_media":0,"comment_status":"open","ping_status":"open","sticky":false,"template":"","format":"standard","meta":{"footnotes":""},"categories":[1],"tags":[],"class_list":["post-73","post","type-post","status-publish","format-standard","hentry","category-sin-categoria"],"_links":{"self":[{"href":"https:\/\/industrial.utp.edu.co\/especializacion-seguridad-y-salud-en-el-trabajo\/wp-json\/wp\/v2\/posts\/73","targetHints":{"allow":["GET"]}}],"collection":[{"href":"https:\/\/industrial.utp.edu.co\/especializacion-seguridad-y-salud-en-el-trabajo\/wp-json\/wp\/v2\/posts"}],"about":[{"href":"https:\/\/industrial.utp.edu.co\/especializacion-seguridad-y-salud-en-el-trabajo\/wp-json\/wp\/v2\/types\/post"}],"author":[{"embeddable":true,"href":"https:\/\/industrial.utp.edu.co\/especializacion-seguridad-y-salud-en-el-trabajo\/wp-json\/wp\/v2\/users\/1"}],"replies":[{"embeddable":true,"href":"https:\/\/industrial.utp.edu.co\/especializacion-seguridad-y-salud-en-el-trabajo\/wp-json\/wp\/v2\/comments?post=73"}],"version-history":[{"count":2,"href":"https:\/\/industrial.utp.edu.co\/especializacion-seguridad-y-salud-en-el-trabajo\/wp-json\/wp\/v2\/posts\/73\/revisions"}],"predecessor-version":[{"id":121,"href":"https:\/\/industrial.utp.edu.co\/especializacion-seguridad-y-salud-en-el-trabajo\/wp-json\/wp\/v2\/posts\/73\/revisions\/121"}],"wp:attachment":[{"href":"https:\/\/industrial.utp.edu.co\/especializacion-seguridad-y-salud-en-el-trabajo\/wp-json\/wp\/v2\/media?parent=73"}],"wp:term":[{"taxonomy":"category","embeddable":true,"href":"https:\/\/industrial.utp.edu.co\/especializacion-seguridad-y-salud-en-el-trabajo\/wp-json\/wp\/v2\/categories?post=73"},{"taxonomy":"post_tag","embeddable":true,"href":"https:\/\/industrial.utp.edu.co\/especializacion-seguridad-y-salud-en-el-trabajo\/wp-json\/wp\/v2\/tags?post=73"}],"curies":[{"name":"wp","href":"https:\/\/api.w.org\/{rel}","templated":true}]}}