{"id":71,"date":"2023-10-26T15:16:59","date_gmt":"2023-10-26T20:16:59","guid":{"rendered":"https:\/\/industrial.utp.edu.co\/especializacion-seguridad-y-salud-en-el-trabajo\/?p=71"},"modified":"2023-10-28T16:39:27","modified_gmt":"2023-10-28T21:39:27","slug":"perfil-del-egresado","status":"publish","type":"post","link":"https:\/\/industrial.utp.edu.co\/especializacion-seguridad-y-salud-en-el-trabajo\/sin-categoria\/perfil-del-egresado\/","title":{"rendered":"Perfil del egresado"},"content":{"rendered":"\n<p><span class=\"post-content__span\"> Al finalizar el programa el participante ser\u00e1 capaz de:<\/p>\n\n\n\n<ul class=\"wp-block-list\">\n<li>Dise\u00f1ar e implementar metodolog\u00edas y modelos para la gesti\u00f3n y transformaci\u00f3n de laseguridad y salud de los entornos laborales.<\/li>\n\n\n\n<li>Identificar y definir los problemas objeto de investigaci\u00f3n en torno a la salud de los trabajadores, analizando e interpretando los indicadores del sistema de gesti\u00f3n de la SST la promoci\u00f3n e implementaci\u00f3n de estrategias integradas a un modelo.<\/li>\n\n\n\n<li>Integrar el sistema de gesti\u00f3n en Seguridad y Salud en el Trabajo con los dem\u00e1s sistemas de gesti\u00f3n de la organizaci\u00f3n. <\/li>\n\n\n\n<li>Aplicar t\u00e9cnicas y herramientas actualizadas para anticipar, identificar, evaluar, controlar, o eliminar los factores de riesgo f\u00edsico, qu\u00edmicos, biol\u00f3gicos, ergon\u00f3micos, psicosociales y dem\u00e1s, causantes de accidentes presentes en los ambientes de trabajo.<\/li>\n\n\n\n<li>Gestionar efectivamente las medidas de intervenci\u00f3n integrales tendientes a la mejora continua de los procesos en seguridad y salud en el trabajo, calidad y medio ambiente.<\/li>\n\n\n\n<li>Desarrollar capacidades y herramientas que orienten la fundamentaci\u00f3n, la investigaci\u00f3n y el desarrollo progresivo de la Gesti\u00f3n de la Seguridad y la Salud en la regi\u00f3n y el pa\u00eds.<\/li>\n\n\n\n<li>Promover la salud como un objetivo estrat\u00e9gico en la planeaci\u00f3n de las organizaciones, a trav\u00e9s de la formulaci\u00f3n, adopci\u00f3n, adaptaci\u00f3n de pol\u00edticas, planes, programas y proyectos para la promoci\u00f3n de la salud y el bienestar de los trabajadores con el fin de tener cambios hacia una cultura de la prevenci\u00f3n.<\/li>\n\n\n\n<li>Estimar, definir y proyectar los recursos necesarios para la ejecuci\u00f3n de un sistema de gesti\u00f3n en seguridad y salud en el trabajo tanto del sector p\u00fablico como privado.<\/li>\n<\/ul>\n","protected":false},"excerpt":{"rendered":"<p>Al finalizar el programa el participante ser\u00e1 capaz de:<\/p>\n","protected":false},"author":1,"featured_media":0,"comment_status":"open","ping_status":"open","sticky":false,"template":"","format":"standard","meta":{"footnotes":""},"categories":[1],"tags":[],"class_list":["post-71","post","type-post","status-publish","format-standard","hentry","category-sin-categoria"],"_links":{"self":[{"href":"https:\/\/industrial.utp.edu.co\/especializacion-seguridad-y-salud-en-el-trabajo\/wp-json\/wp\/v2\/posts\/71","targetHints":{"allow":["GET"]}}],"collection":[{"href":"https:\/\/industrial.utp.edu.co\/especializacion-seguridad-y-salud-en-el-trabajo\/wp-json\/wp\/v2\/posts"}],"about":[{"href":"https:\/\/industrial.utp.edu.co\/especializacion-seguridad-y-salud-en-el-trabajo\/wp-json\/wp\/v2\/types\/post"}],"author":[{"embeddable":true,"href":"https:\/\/industrial.utp.edu.co\/especializacion-seguridad-y-salud-en-el-trabajo\/wp-json\/wp\/v2\/users\/1"}],"replies":[{"embeddable":true,"href":"https:\/\/industrial.utp.edu.co\/especializacion-seguridad-y-salud-en-el-trabajo\/wp-json\/wp\/v2\/comments?post=71"}],"version-history":[{"count":3,"href":"https:\/\/industrial.utp.edu.co\/especializacion-seguridad-y-salud-en-el-trabajo\/wp-json\/wp\/v2\/posts\/71\/revisions"}],"predecessor-version":[{"id":120,"href":"https:\/\/industrial.utp.edu.co\/especializacion-seguridad-y-salud-en-el-trabajo\/wp-json\/wp\/v2\/posts\/71\/revisions\/120"}],"wp:attachment":[{"href":"https:\/\/industrial.utp.edu.co\/especializacion-seguridad-y-salud-en-el-trabajo\/wp-json\/wp\/v2\/media?parent=71"}],"wp:term":[{"taxonomy":"category","embeddable":true,"href":"https:\/\/industrial.utp.edu.co\/especializacion-seguridad-y-salud-en-el-trabajo\/wp-json\/wp\/v2\/categories?post=71"},{"taxonomy":"post_tag","embeddable":true,"href":"https:\/\/industrial.utp.edu.co\/especializacion-seguridad-y-salud-en-el-trabajo\/wp-json\/wp\/v2\/tags?post=71"}],"curies":[{"name":"wp","href":"https:\/\/api.w.org\/{rel}","templated":true}]}}