{"id":69,"date":"2023-10-26T15:16:26","date_gmt":"2023-10-26T20:16:26","guid":{"rendered":"https:\/\/industrial.utp.edu.co\/especializacion-seguridad-y-salud-en-el-trabajo\/?p=69"},"modified":"2023-11-03T13:59:26","modified_gmt":"2023-11-03T18:59:26","slug":"perfil-del-aspirante","status":"publish","type":"post","link":"https:\/\/industrial.utp.edu.co\/especializacion-seguridad-y-salud-en-el-trabajo\/sin-categoria\/perfil-del-aspirante\/","title":{"rendered":"Perfil del Aspirante"},"content":{"rendered":"\n<p><span class=\"post-content__span\"> La Especializaci\u00f3n, est\u00e1 dirigida&nbsp;a Profesionales, que deseen una formaci\u00f3n de alto nivel, que les permita desempe\u00f1ar su actividad profesional en el campo de la&nbsp;Seguridad y Salud en el Trabajo, que re\u00fanan las siguientes caracter\u00edsticas:<\/p>\n\n\n\n<ul class=\"wp-block-list\">\n<li>Profesional en cualquier disciplina<\/li>\n\n\n\n<li>Competencias b\u00e1sicas en&nbsp;comunicaci\u00f3n en lengua extranjera preferiblemente ingl\u00e9s<\/li>\n<\/ul>\n\n\n\n<ul class=\"wp-block-list\">\n<li>Comprometido con la seguridad y salud en el trabajo y la excelencia.<\/li>\n\n\n\n<li>Aspirar a ser profesionales que agreguen valor a la sociedad.<\/li>\n\n\n\n<li>Capacidad de razonamiento, an\u00e1lisis y s\u00edntesis<\/li>\n\n\n\n<li>Capacidad de comprensi\u00f3n de lectura y expresi\u00f3n oral y escrita<\/li>\n\n\n\n<li>Responsabilidad, capacidad de trabajo individual y en equipo<\/li>\n\n\n\n<li>Esp\u00edritu cr\u00edtico y auto cr\u00edtico<\/li>\n\n\n\n<li>Una base significativa de formaci\u00f3n metodol\u00f3gica<\/li>\n<\/ul>\n","protected":false},"excerpt":{"rendered":"<p>La Especializaci\u00f3n, est\u00e1 dirigida&nbsp;a Profesionales, que deseen una formaci\u00f3n de alto nivel, que les permita desempe\u00f1ar su actividad profesional en el campo de la&nbsp;Seguridad y Salud en el Trabajo, que [&#8230;]<\/p>\n","protected":false},"author":1,"featured_media":0,"comment_status":"open","ping_status":"open","sticky":false,"template":"","format":"standard","meta":{"footnotes":""},"categories":[1],"tags":[],"class_list":["post-69","post","type-post","status-publish","format-standard","hentry","category-sin-categoria"],"_links":{"self":[{"href":"https:\/\/industrial.utp.edu.co\/especializacion-seguridad-y-salud-en-el-trabajo\/wp-json\/wp\/v2\/posts\/69","targetHints":{"allow":["GET"]}}],"collection":[{"href":"https:\/\/industrial.utp.edu.co\/especializacion-seguridad-y-salud-en-el-trabajo\/wp-json\/wp\/v2\/posts"}],"about":[{"href":"https:\/\/industrial.utp.edu.co\/especializacion-seguridad-y-salud-en-el-trabajo\/wp-json\/wp\/v2\/types\/post"}],"author":[{"embeddable":true,"href":"https:\/\/industrial.utp.edu.co\/especializacion-seguridad-y-salud-en-el-trabajo\/wp-json\/wp\/v2\/users\/1"}],"replies":[{"embeddable":true,"href":"https:\/\/industrial.utp.edu.co\/especializacion-seguridad-y-salud-en-el-trabajo\/wp-json\/wp\/v2\/comments?post=69"}],"version-history":[{"count":2,"href":"https:\/\/industrial.utp.edu.co\/especializacion-seguridad-y-salud-en-el-trabajo\/wp-json\/wp\/v2\/posts\/69\/revisions"}],"predecessor-version":[{"id":125,"href":"https:\/\/industrial.utp.edu.co\/especializacion-seguridad-y-salud-en-el-trabajo\/wp-json\/wp\/v2\/posts\/69\/revisions\/125"}],"wp:attachment":[{"href":"https:\/\/industrial.utp.edu.co\/especializacion-seguridad-y-salud-en-el-trabajo\/wp-json\/wp\/v2\/media?parent=69"}],"wp:term":[{"taxonomy":"category","embeddable":true,"href":"https:\/\/industrial.utp.edu.co\/especializacion-seguridad-y-salud-en-el-trabajo\/wp-json\/wp\/v2\/categories?post=69"},{"taxonomy":"post_tag","embeddable":true,"href":"https:\/\/industrial.utp.edu.co\/especializacion-seguridad-y-salud-en-el-trabajo\/wp-json\/wp\/v2\/tags?post=69"}],"curies":[{"name":"wp","href":"https:\/\/api.w.org\/{rel}","templated":true}]}}