{"id":64,"date":"2023-10-26T15:14:55","date_gmt":"2023-10-26T20:14:55","guid":{"rendered":"https:\/\/industrial.utp.edu.co\/especializacion-seguridad-y-salud-en-el-trabajo\/?p=64"},"modified":"2023-10-28T16:42:57","modified_gmt":"2023-10-28T21:42:57","slug":"objetivo-del-programa","status":"publish","type":"post","link":"https:\/\/industrial.utp.edu.co\/especializacion-seguridad-y-salud-en-el-trabajo\/sin-categoria\/objetivo-del-programa\/","title":{"rendered":"Objetivo del programa"},"content":{"rendered":"\n<p><span class=\"post-content__span\"> El programa est\u00e1 dirigido a profesionales que se desempe\u00f1en o deseen desempe\u00f1arse en<br>\u00e1reas financieras y de gesti\u00f3n: ingenieros comerciales, industriales, financieros, ingenieros<br>qu\u00edmicos, administradores de empresas, contadores p\u00fablicos, auditores. Tambi\u00e9n est\u00e1<br>pensado para todos aquellos profesionales que quieran orientar su carrera hacia la<br>especialidad Financiera.<\/p>\n\n\n\n<p><span class=\"post-content__span\"> <br><strong>OP1. <\/strong>Promover la salud y el mejoramiento de las condiciones laborales como un objetivo<br>estrat\u00e9gico en la planeaci\u00f3n de las organizaciones a trav\u00e9s de la integraci\u00f3n a sus sistemas<br>de gesti\u00f3n.<\/p>\n\n\n\n<p><span class=\"post-content__span\"> <br><strong>OP2. <\/strong>Proveer las herramientas administrativas, legales y estad\u00edsticas empleadas en los<br>sistemas de seguridad y salud en el trabajo para garantizar la formaci\u00f3n integral del<br>egresado del programa.<\/p>\n\n\n\n<p><span class=\"post-content__span\"> <br><strong>OP3.<\/strong> Capacitar al estudiante en el m\u00e9todo cient\u00edfico para que aplique sus conocimientos en<br>la identificaci\u00f3n, valoraci\u00f3n e intervenci\u00f3n de los factores de riesgo en el contexto laboral.<br>Especializaci\u00f3n en Seguridad y Salud en el Trabajo.<\/p>\n\n\n\n<p><span class=\"post-content__span\"> <br><strong>OP4. <\/strong>Formar integralmente al estudiante para su interacci\u00f3n con el entorno y su desarrollo<br>social, pol\u00edtico, econ\u00f3mico y tecnol\u00f3gico.<\/p>\n\n\n\n<p><span class=\"post-content__span\"> <br><strong>OP5. <\/strong>Fomentar en el estudiante una cultura ambiental, para promover la sostenibilidad en<br>la instituci\u00f3n y el medio en el que interact\u00faa.<\/p>\n\n\n\n<p><span class=\"post-content__span\"> <br><strong>OP6.<\/strong> Capacitar al estudiante para que identifique, analice, procese e interprete<br>informaci\u00f3n que le facilite la comunicaci\u00f3n y la toma de decisiones.<\/p>\n","protected":false},"excerpt":{"rendered":"<p>El programa est\u00e1 dirigido a profesionales que se desempe\u00f1en o deseen desempe\u00f1arse en\u00e1reas financieras y de gesti\u00f3n: ingenieros comerciales, industriales, financieros, ingenierosqu\u00edmicos, administradores de empresas, contadores p\u00fablicos, auditores. Tambi\u00e9n est\u00e1pensado [&#8230;]<\/p>\n","protected":false},"author":1,"featured_media":0,"comment_status":"open","ping_status":"open","sticky":false,"template":"","format":"standard","meta":{"footnotes":""},"categories":[1],"tags":[],"class_list":["post-64","post","type-post","status-publish","format-standard","hentry","category-sin-categoria"],"_links":{"self":[{"href":"https:\/\/industrial.utp.edu.co\/especializacion-seguridad-y-salud-en-el-trabajo\/wp-json\/wp\/v2\/posts\/64","targetHints":{"allow":["GET"]}}],"collection":[{"href":"https:\/\/industrial.utp.edu.co\/especializacion-seguridad-y-salud-en-el-trabajo\/wp-json\/wp\/v2\/posts"}],"about":[{"href":"https:\/\/industrial.utp.edu.co\/especializacion-seguridad-y-salud-en-el-trabajo\/wp-json\/wp\/v2\/types\/post"}],"author":[{"embeddable":true,"href":"https:\/\/industrial.utp.edu.co\/especializacion-seguridad-y-salud-en-el-trabajo\/wp-json\/wp\/v2\/users\/1"}],"replies":[{"embeddable":true,"href":"https:\/\/industrial.utp.edu.co\/especializacion-seguridad-y-salud-en-el-trabajo\/wp-json\/wp\/v2\/comments?post=64"}],"version-history":[{"count":2,"href":"https:\/\/industrial.utp.edu.co\/especializacion-seguridad-y-salud-en-el-trabajo\/wp-json\/wp\/v2\/posts\/64\/revisions"}],"predecessor-version":[{"id":123,"href":"https:\/\/industrial.utp.edu.co\/especializacion-seguridad-y-salud-en-el-trabajo\/wp-json\/wp\/v2\/posts\/64\/revisions\/123"}],"wp:attachment":[{"href":"https:\/\/industrial.utp.edu.co\/especializacion-seguridad-y-salud-en-el-trabajo\/wp-json\/wp\/v2\/media?parent=64"}],"wp:term":[{"taxonomy":"category","embeddable":true,"href":"https:\/\/industrial.utp.edu.co\/especializacion-seguridad-y-salud-en-el-trabajo\/wp-json\/wp\/v2\/categories?post=64"},{"taxonomy":"post_tag","embeddable":true,"href":"https:\/\/industrial.utp.edu.co\/especializacion-seguridad-y-salud-en-el-trabajo\/wp-json\/wp\/v2\/tags?post=64"}],"curies":[{"name":"wp","href":"https:\/\/api.w.org\/{rel}","templated":true}]}}