{"id":57,"date":"2023-10-26T15:13:12","date_gmt":"2023-10-26T20:13:12","guid":{"rendered":"https:\/\/industrial.utp.edu.co\/especializacion-seguridad-y-salud-en-el-trabajo\/?p=57"},"modified":"2023-10-26T15:31:46","modified_gmt":"2023-10-26T20:31:46","slug":"mision","status":"publish","type":"post","link":"https:\/\/industrial.utp.edu.co\/especializacion-seguridad-y-salud-en-el-trabajo\/sin-categoria\/mision\/","title":{"rendered":"Misi\u00f3n"},"content":{"rendered":"\n<p><span class=\"post-content__span\"> Somos un programa de especializaci\u00f3n de alta calidad, que propende por la formaci\u00f3n de profesionales con pensamiento cr\u00edtico, capacidad de participar en el fortalecimiento de la democracia; con una mirada interdisciplinar para la comprensi\u00f3n y b\u00fasqueda de soluciones a problemas de la sociedad, creativos, aut\u00f3nomos, responsables y competentes, con principios \u00e9ticos, comprometidos con la sostenibilidad ambiental, humanistas e investigativos, capaces de dinamizar y liderar procesos generadores desarrollo econ\u00f3mico y social, comprometidos con la seguridad y salud en el trabajo de las organizaciones tanto p\u00fablicas como privadas.<\/p>\n","protected":false},"excerpt":{"rendered":"<p>Somos un programa de especializaci\u00f3n de alta calidad, que propende por la formaci\u00f3n de profesionales con pensamiento cr\u00edtico, capacidad de participar en el fortalecimiento de la democracia; con una mirada [&#8230;]<\/p>\n","protected":false},"author":1,"featured_media":0,"comment_status":"open","ping_status":"open","sticky":false,"template":"","format":"standard","meta":{"footnotes":""},"categories":[1],"tags":[],"class_list":["post-57","post","type-post","status-publish","format-standard","hentry","category-sin-categoria"],"_links":{"self":[{"href":"https:\/\/industrial.utp.edu.co\/especializacion-seguridad-y-salud-en-el-trabajo\/wp-json\/wp\/v2\/posts\/57","targetHints":{"allow":["GET"]}}],"collection":[{"href":"https:\/\/industrial.utp.edu.co\/especializacion-seguridad-y-salud-en-el-trabajo\/wp-json\/wp\/v2\/posts"}],"about":[{"href":"https:\/\/industrial.utp.edu.co\/especializacion-seguridad-y-salud-en-el-trabajo\/wp-json\/wp\/v2\/types\/post"}],"author":[{"embeddable":true,"href":"https:\/\/industrial.utp.edu.co\/especializacion-seguridad-y-salud-en-el-trabajo\/wp-json\/wp\/v2\/users\/1"}],"replies":[{"embeddable":true,"href":"https:\/\/industrial.utp.edu.co\/especializacion-seguridad-y-salud-en-el-trabajo\/wp-json\/wp\/v2\/comments?post=57"}],"version-history":[{"count":1,"href":"https:\/\/industrial.utp.edu.co\/especializacion-seguridad-y-salud-en-el-trabajo\/wp-json\/wp\/v2\/posts\/57\/revisions"}],"predecessor-version":[{"id":59,"href":"https:\/\/industrial.utp.edu.co\/especializacion-seguridad-y-salud-en-el-trabajo\/wp-json\/wp\/v2\/posts\/57\/revisions\/59"}],"wp:attachment":[{"href":"https:\/\/industrial.utp.edu.co\/especializacion-seguridad-y-salud-en-el-trabajo\/wp-json\/wp\/v2\/media?parent=57"}],"wp:term":[{"taxonomy":"category","embeddable":true,"href":"https:\/\/industrial.utp.edu.co\/especializacion-seguridad-y-salud-en-el-trabajo\/wp-json\/wp\/v2\/categories?post=57"},{"taxonomy":"post_tag","embeddable":true,"href":"https:\/\/industrial.utp.edu.co\/especializacion-seguridad-y-salud-en-el-trabajo\/wp-json\/wp\/v2\/tags?post=57"}],"curies":[{"name":"wp","href":"https:\/\/api.w.org\/{rel}","templated":true}]}}