{"id":49,"date":"2023-10-26T15:06:23","date_gmt":"2023-10-26T20:06:23","guid":{"rendered":"https:\/\/industrial.utp.edu.co\/especializacion-seguridad-y-salud-en-el-trabajo\/?p=49"},"modified":"2026-04-22T17:35:24","modified_gmt":"2026-04-22T22:35:24","slug":"descripcion","status":"publish","type":"post","link":"https:\/\/industrial.utp.edu.co\/especializacion-seguridad-y-salud-en-el-trabajo\/sin-categoria\/descripcion\/","title":{"rendered":"Descripci\u00f3n"},"content":{"rendered":"\n<p><span class=\"post-content__span\"> El programa de Especializaci\u00f3n en Seguridad y Salud en el Trabajo, fue aprobado por la resoluci\u00f3n No 68 del 09 de noviembre de 2022 y su plan de estudios aprobado por la resoluci\u00f3n No 69 del 09 de noviembre de 2022, ambas expedidas por el Honorable Consejo Superior de la Universidad Tecnol\u00f3gica de Pereira. <\/p>\n\n\n\n<p><span class=\"post-content__span\"> <strong>Cont\u00e1ctenos:<\/strong> <a href=\"mailto:esst@utp.edu.co\">esst@utp.edu.co<\/a><\/p>\n","protected":false},"excerpt":{"rendered":"<p>El programa de Especializaci\u00f3n en Seguridad y Salud en el Trabajo, fue aprobado por la resoluci\u00f3n No 68 del 09 de noviembre de 2022 y su plan de estudios aprobado [&#8230;]<\/p>\n","protected":false},"author":1,"featured_media":0,"comment_status":"open","ping_status":"open","sticky":false,"template":"","format":"standard","meta":{"footnotes":""},"categories":[1],"tags":[5],"class_list":["post-49","post","type-post","status-publish","format-standard","hentry","category-sin-categoria","tag-descripcion"],"_links":{"self":[{"href":"https:\/\/industrial.utp.edu.co\/especializacion-seguridad-y-salud-en-el-trabajo\/wp-json\/wp\/v2\/posts\/49","targetHints":{"allow":["GET"]}}],"collection":[{"href":"https:\/\/industrial.utp.edu.co\/especializacion-seguridad-y-salud-en-el-trabajo\/wp-json\/wp\/v2\/posts"}],"about":[{"href":"https:\/\/industrial.utp.edu.co\/especializacion-seguridad-y-salud-en-el-trabajo\/wp-json\/wp\/v2\/types\/post"}],"author":[{"embeddable":true,"href":"https:\/\/industrial.utp.edu.co\/especializacion-seguridad-y-salud-en-el-trabajo\/wp-json\/wp\/v2\/users\/1"}],"replies":[{"embeddable":true,"href":"https:\/\/industrial.utp.edu.co\/especializacion-seguridad-y-salud-en-el-trabajo\/wp-json\/wp\/v2\/comments?post=49"}],"version-history":[{"count":5,"href":"https:\/\/industrial.utp.edu.co\/especializacion-seguridad-y-salud-en-el-trabajo\/wp-json\/wp\/v2\/posts\/49\/revisions"}],"predecessor-version":[{"id":266,"href":"https:\/\/industrial.utp.edu.co\/especializacion-seguridad-y-salud-en-el-trabajo\/wp-json\/wp\/v2\/posts\/49\/revisions\/266"}],"wp:attachment":[{"href":"https:\/\/industrial.utp.edu.co\/especializacion-seguridad-y-salud-en-el-trabajo\/wp-json\/wp\/v2\/media?parent=49"}],"wp:term":[{"taxonomy":"category","embeddable":true,"href":"https:\/\/industrial.utp.edu.co\/especializacion-seguridad-y-salud-en-el-trabajo\/wp-json\/wp\/v2\/categories?post=49"},{"taxonomy":"post_tag","embeddable":true,"href":"https:\/\/industrial.utp.edu.co\/especializacion-seguridad-y-salud-en-el-trabajo\/wp-json\/wp\/v2\/tags?post=49"}],"curies":[{"name":"wp","href":"https:\/\/api.w.org\/{rel}","templated":true}]}}