{"id":47,"date":"2023-10-26T15:05:41","date_gmt":"2023-10-26T20:05:41","guid":{"rendered":"https:\/\/industrial.utp.edu.co\/especializacion-seguridad-y-salud-en-el-trabajo\/?p=47"},"modified":"2025-11-05T15:43:53","modified_gmt":"2025-11-05T20:43:53","slug":"informacion-general-del-programa","status":"publish","type":"post","link":"https:\/\/industrial.utp.edu.co\/especializacion-seguridad-y-salud-en-el-trabajo\/sin-categoria\/informacion-general-del-programa\/","title":{"rendered":"Informaci\u00f3n general del programa"},"content":{"rendered":"\n<p><span class=\"post-content__span\"> el programa de Especializaci\u00f3n en Seguridad y Salud en el Trabajo pertenece a la facultad de Ciencias Empresariales, aprobado mediante la resoluci\u00f3n n\u00famero 68 del 09 de noviembre de 2022, expedida por el honorable &nbsp;Consejo superior de la Universidad Tecnol\u00f3gica de Pereira. Con registro calificado bajo resoluci\u00f3n No 016763 del 12 de septiembre de 2023 otorgado por el Ministerio de Educaci\u00f3n Nacional.<\/p>\n\n\n\n<p><span class=\"post-content__span\"> Somos un programa que cuenta con (24) docentes, de los cuales 7 ostentan el t\u00edtulo de doctor, 16 el t\u00edtulo de maestr\u00eda y 1 el t\u00edtulo de especializaci\u00f3n (como m\u00e1ximo nivel de formaci\u00f3n), con un perfil que garantiza la interdisciplinariedad dentro del programa. Estamos adscritos a la Facultad de Ciencias Empresariales, que cuenta con una infraestructura f\u00edsica y tecnol\u00f3gica que garantiza el \u00f3ptimo transcurrir del proceso de ense\u00f1anza \u2013 aprendizaje.<\/p>\n\n\n\n<figure class=\"wp-block-table is-style-stripes\"><table><tbody><tr><td><strong>Nombre completo del director del programa y su auxiliar administrativa.<\/strong><\/td><td colspan=\"2\">Jorge Hern\u00e1n Restrepo Correa, <br>Lina Mar\u00eda Salazar Valencia<\/td><\/tr><tr><td><strong>Nombre del programa acad\u00e9mico de posgrado<\/strong><\/td><td colspan=\"2\">Especializaci\u00f3n en Seguridad y Salud en el Trabajo<\/td><\/tr><tr><td><strong>Adscrito a la facultad de:<\/strong><\/td><td colspan=\"2\">Facultad de Ciencias Empresariales<\/td><\/tr><tr><td><strong>Contacto Director<\/strong><\/td><td><strong>Tel\u00e9fono: 300\u00a03199714<\/strong><\/td><td><strong>Email: jhrestrepoco@utp.edu.co<\/strong><\/td><\/tr><tr><td><strong>Contacto del programa<\/strong><\/td><td><strong>Tel\u00e9fono: 3137162<\/strong><\/td><td><strong>Email: esst@utp.edu.co<\/strong><\/td><\/tr><\/tbody><\/table><\/figure>\n","protected":false},"excerpt":{"rendered":"<p>el programa de Especializaci\u00f3n en Seguridad y Salud en el Trabajo pertenece a la facultad de Ciencias Empresariales, aprobado mediante la resoluci\u00f3n n\u00famero 68 del 09 de noviembre de 2022, [&#8230;]<\/p>\n","protected":false},"author":1,"featured_media":0,"comment_status":"open","ping_status":"open","sticky":false,"template":"","format":"standard","meta":{"footnotes":""},"categories":[1],"tags":[],"class_list":["post-47","post","type-post","status-publish","format-standard","hentry","category-sin-categoria"],"_links":{"self":[{"href":"https:\/\/industrial.utp.edu.co\/especializacion-seguridad-y-salud-en-el-trabajo\/wp-json\/wp\/v2\/posts\/47","targetHints":{"allow":["GET"]}}],"collection":[{"href":"https:\/\/industrial.utp.edu.co\/especializacion-seguridad-y-salud-en-el-trabajo\/wp-json\/wp\/v2\/posts"}],"about":[{"href":"https:\/\/industrial.utp.edu.co\/especializacion-seguridad-y-salud-en-el-trabajo\/wp-json\/wp\/v2\/types\/post"}],"author":[{"embeddable":true,"href":"https:\/\/industrial.utp.edu.co\/especializacion-seguridad-y-salud-en-el-trabajo\/wp-json\/wp\/v2\/users\/1"}],"replies":[{"embeddable":true,"href":"https:\/\/industrial.utp.edu.co\/especializacion-seguridad-y-salud-en-el-trabajo\/wp-json\/wp\/v2\/comments?post=47"}],"version-history":[{"count":8,"href":"https:\/\/industrial.utp.edu.co\/especializacion-seguridad-y-salud-en-el-trabajo\/wp-json\/wp\/v2\/posts\/47\/revisions"}],"predecessor-version":[{"id":238,"href":"https:\/\/industrial.utp.edu.co\/especializacion-seguridad-y-salud-en-el-trabajo\/wp-json\/wp\/v2\/posts\/47\/revisions\/238"}],"wp:attachment":[{"href":"https:\/\/industrial.utp.edu.co\/especializacion-seguridad-y-salud-en-el-trabajo\/wp-json\/wp\/v2\/media?parent=47"}],"wp:term":[{"taxonomy":"category","embeddable":true,"href":"https:\/\/industrial.utp.edu.co\/especializacion-seguridad-y-salud-en-el-trabajo\/wp-json\/wp\/v2\/categories?post=47"},{"taxonomy":"post_tag","embeddable":true,"href":"https:\/\/industrial.utp.edu.co\/especializacion-seguridad-y-salud-en-el-trabajo\/wp-json\/wp\/v2\/tags?post=47"}],"curies":[{"name":"wp","href":"https:\/\/api.w.org\/{rel}","templated":true}]}}