{"id":43,"date":"2023-10-26T15:03:47","date_gmt":"2023-10-26T20:03:47","guid":{"rendered":"https:\/\/industrial.utp.edu.co\/especializacion-seguridad-y-salud-en-el-trabajo\/?p=43"},"modified":"2023-10-26T15:31:47","modified_gmt":"2023-10-26T20:31:47","slug":"presentacion-del-programa","status":"publish","type":"post","link":"https:\/\/industrial.utp.edu.co\/especializacion-seguridad-y-salud-en-el-trabajo\/sin-categoria\/presentacion-del-programa\/","title":{"rendered":"Presentaci\u00f3n del programa"},"content":{"rendered":"\n<p><span class=\"post-content__span\"> El Especialista en Seguridad y Salud en el Trabajo de la Universidad Tecnol\u00f3gica de Pereira, es competente para la direcci\u00f3n, la planeaci\u00f3n, el dise\u00f1o y la implementaci\u00f3n de los sistemas de gesti\u00f3n de seguridad y salud en el trabajo y riesgos laborales, seg\u00fan las necesidades que se presenten en la organizaci\u00f3n, cumpliendo con las normas de calidad vigente para garantizar de manera \u00e9tica, el mejoramiento de las condiciones de trabajo, la calidad de vida de los trabajadores, incremento de la productividad y la sostenibilidad ambiental dentro de las empresas.<\/p>\n","protected":false},"excerpt":{"rendered":"<p>El Especialista en Seguridad y Salud en el Trabajo de la Universidad Tecnol\u00f3gica de Pereira, es competente para la direcci\u00f3n, la planeaci\u00f3n, el dise\u00f1o y la implementaci\u00f3n de los sistemas [&#8230;]<\/p>\n","protected":false},"author":1,"featured_media":0,"comment_status":"open","ping_status":"open","sticky":false,"template":"","format":"standard","meta":{"footnotes":""},"categories":[1],"tags":[],"class_list":["post-43","post","type-post","status-publish","format-standard","hentry","category-sin-categoria"],"_links":{"self":[{"href":"https:\/\/industrial.utp.edu.co\/especializacion-seguridad-y-salud-en-el-trabajo\/wp-json\/wp\/v2\/posts\/43","targetHints":{"allow":["GET"]}}],"collection":[{"href":"https:\/\/industrial.utp.edu.co\/especializacion-seguridad-y-salud-en-el-trabajo\/wp-json\/wp\/v2\/posts"}],"about":[{"href":"https:\/\/industrial.utp.edu.co\/especializacion-seguridad-y-salud-en-el-trabajo\/wp-json\/wp\/v2\/types\/post"}],"author":[{"embeddable":true,"href":"https:\/\/industrial.utp.edu.co\/especializacion-seguridad-y-salud-en-el-trabajo\/wp-json\/wp\/v2\/users\/1"}],"replies":[{"embeddable":true,"href":"https:\/\/industrial.utp.edu.co\/especializacion-seguridad-y-salud-en-el-trabajo\/wp-json\/wp\/v2\/comments?post=43"}],"version-history":[{"count":1,"href":"https:\/\/industrial.utp.edu.co\/especializacion-seguridad-y-salud-en-el-trabajo\/wp-json\/wp\/v2\/posts\/43\/revisions"}],"predecessor-version":[{"id":45,"href":"https:\/\/industrial.utp.edu.co\/especializacion-seguridad-y-salud-en-el-trabajo\/wp-json\/wp\/v2\/posts\/43\/revisions\/45"}],"wp:attachment":[{"href":"https:\/\/industrial.utp.edu.co\/especializacion-seguridad-y-salud-en-el-trabajo\/wp-json\/wp\/v2\/media?parent=43"}],"wp:term":[{"taxonomy":"category","embeddable":true,"href":"https:\/\/industrial.utp.edu.co\/especializacion-seguridad-y-salud-en-el-trabajo\/wp-json\/wp\/v2\/categories?post=43"},{"taxonomy":"post_tag","embeddable":true,"href":"https:\/\/industrial.utp.edu.co\/especializacion-seguridad-y-salud-en-el-trabajo\/wp-json\/wp\/v2\/tags?post=43"}],"curies":[{"name":"wp","href":"https:\/\/api.w.org\/{rel}","templated":true}]}}