{"id":289,"date":"2026-04-29T17:25:25","date_gmt":"2026-04-29T22:25:25","guid":{"rendered":"https:\/\/industrial.utp.edu.co\/especializacion-seguridad-y-salud-en-el-trabajo\/?p=289"},"modified":"2026-04-29T17:30:18","modified_gmt":"2026-04-29T22:30:18","slug":"obtencion-de-la-licencia-en-seguridad-y-salud-en-el-trabajo","status":"publish","type":"post","link":"https:\/\/industrial.utp.edu.co\/especializacion-seguridad-y-salud-en-el-trabajo\/noticias-de-interes\/obtencion-de-la-licencia-en-seguridad-y-salud-en-el-trabajo\/","title":{"rendered":"Obtenci\u00f3n de la licencia en Seguridad y Salud en el Trabajo"},"content":{"rendered":"\n<p><span class=\"post-content__span\"> La Especializaci\u00f3n en Seguridad y Salud en el Trabajo de la Universidad Tecnol\u00f3gica de Pereira se encuentra alineada con la normativa vigente en Colombia para la expedici\u00f3n de la licencia en SST, conforme a lo establecido en la Resoluci\u00f3n 754 de 2021 y la Resoluci\u00f3n 1151 de 2022.<\/p>\n\n\n\n<p><span class=\"post-content__span\"> El programa proporciona una formaci\u00f3n integral en \u00e1reas como higiene industrial, seguridad industrial, gesti\u00f3n del riesgo, investigaci\u00f3n de accidentes y enfermedades laborales, y dise\u00f1o, implementaci\u00f3n y administraci\u00f3n del Sistema de Gesti\u00f3n de la Seguridad y Salud en el Trabajo (SG-SST). Estas competencias corresponden a los campos de acci\u00f3n definidos por la normativa para profesionales especialistas.<\/p>\n\n\n\n<p><span class=\"post-content__span\"> En este sentido, los egresados del programa cuentan con la formaci\u00f3n requerida para desarrollar actividades de investigaci\u00f3n, capacitaci\u00f3n, intervenci\u00f3n y gesti\u00f3n en SST, cumpliendo con los requisitos necesarios para la obtenci\u00f3n de la licencia y el ejercicio profesional en el \u00e1rea.<\/p>\n","protected":false},"excerpt":{"rendered":"<p>Aqu\u00ed encontrar\u00e1 informaci\u00f3n sobre c\u00f3mo la formaci\u00f3n en la Especializaci\u00f3n en SST se articula con los requisitos para la obtenci\u00f3n de la licencia profesional.<\/p>\n","protected":false},"author":105,"featured_media":290,"comment_status":"open","ping_status":"open","sticky":false,"template":"","format":"standard","meta":{"footnotes":""},"categories":[6],"tags":[],"class_list":["post-289","post","type-post","status-publish","format-standard","has-post-thumbnail","hentry","category-noticias-de-interes"],"_links":{"self":[{"href":"https:\/\/industrial.utp.edu.co\/especializacion-seguridad-y-salud-en-el-trabajo\/wp-json\/wp\/v2\/posts\/289","targetHints":{"allow":["GET"]}}],"collection":[{"href":"https:\/\/industrial.utp.edu.co\/especializacion-seguridad-y-salud-en-el-trabajo\/wp-json\/wp\/v2\/posts"}],"about":[{"href":"https:\/\/industrial.utp.edu.co\/especializacion-seguridad-y-salud-en-el-trabajo\/wp-json\/wp\/v2\/types\/post"}],"author":[{"embeddable":true,"href":"https:\/\/industrial.utp.edu.co\/especializacion-seguridad-y-salud-en-el-trabajo\/wp-json\/wp\/v2\/users\/105"}],"replies":[{"embeddable":true,"href":"https:\/\/industrial.utp.edu.co\/especializacion-seguridad-y-salud-en-el-trabajo\/wp-json\/wp\/v2\/comments?post=289"}],"version-history":[{"count":3,"href":"https:\/\/industrial.utp.edu.co\/especializacion-seguridad-y-salud-en-el-trabajo\/wp-json\/wp\/v2\/posts\/289\/revisions"}],"predecessor-version":[{"id":293,"href":"https:\/\/industrial.utp.edu.co\/especializacion-seguridad-y-salud-en-el-trabajo\/wp-json\/wp\/v2\/posts\/289\/revisions\/293"}],"wp:featuredmedia":[{"embeddable":true,"href":"https:\/\/industrial.utp.edu.co\/especializacion-seguridad-y-salud-en-el-trabajo\/wp-json\/wp\/v2\/media\/290"}],"wp:attachment":[{"href":"https:\/\/industrial.utp.edu.co\/especializacion-seguridad-y-salud-en-el-trabajo\/wp-json\/wp\/v2\/media?parent=289"}],"wp:term":[{"taxonomy":"category","embeddable":true,"href":"https:\/\/industrial.utp.edu.co\/especializacion-seguridad-y-salud-en-el-trabajo\/wp-json\/wp\/v2\/categories?post=289"},{"taxonomy":"post_tag","embeddable":true,"href":"https:\/\/industrial.utp.edu.co\/especializacion-seguridad-y-salud-en-el-trabajo\/wp-json\/wp\/v2\/tags?post=289"}],"curies":[{"name":"wp","href":"https:\/\/api.w.org\/{rel}","templated":true}]}}