{"id":160,"date":"2024-04-12T20:06:09","date_gmt":"2024-04-13T01:06:09","guid":{"rendered":"https:\/\/industrial.utp.edu.co\/especializacion-seguridad-y-salud-en-el-trabajo\/?p=160"},"modified":"2024-04-12T20:06:09","modified_gmt":"2024-04-13T01:06:09","slug":"inscripciones-extraordinarias","status":"publish","type":"post","link":"https:\/\/industrial.utp.edu.co\/especializacion-seguridad-y-salud-en-el-trabajo\/sin-categoria\/inscripciones-extraordinarias\/","title":{"rendered":"\u00a1inscripciones extraordinarias!"},"content":{"rendered":"\n<p><span class=\"post-content__span\"> \u00danete a nosotros en la Maestr\u00eda\u00a0en Sistemas Integrados de Gesti\u00f3n de la Calidad. Estamos ansiosos por acompa\u00f1arte en tu viaje hacia un futuro lleno de conocimiento, oportunidades y logros.<strong>\u00a0\u00a1No pierdas la oportunidad de transformar tu pasi\u00f3n por la optimizaci\u00f3n de procesos en soluciones brillantes, da el primer paso hacia una experiencia acad\u00e9mica excepcional!<\/strong><\/p>\n","protected":false},"excerpt":{"rendered":"<p>\u00danete a nosotros en la Maestr\u00eda\u00a0en Sistemas Integrados de Gesti\u00f3n de la Calidad. Estamos ansiosos por acompa\u00f1arte en tu viaje hacia un futuro lleno de conocimiento, oportunidades y logros.\u00a0\u00a1No pierdas [&#8230;]<\/p>\n","protected":false},"author":105,"featured_media":0,"comment_status":"open","ping_status":"open","sticky":false,"template":"","format":"standard","meta":{"footnotes":""},"categories":[1],"tags":[],"class_list":["post-160","post","type-post","status-publish","format-standard","hentry","category-sin-categoria"],"_links":{"self":[{"href":"https:\/\/industrial.utp.edu.co\/especializacion-seguridad-y-salud-en-el-trabajo\/wp-json\/wp\/v2\/posts\/160","targetHints":{"allow":["GET"]}}],"collection":[{"href":"https:\/\/industrial.utp.edu.co\/especializacion-seguridad-y-salud-en-el-trabajo\/wp-json\/wp\/v2\/posts"}],"about":[{"href":"https:\/\/industrial.utp.edu.co\/especializacion-seguridad-y-salud-en-el-trabajo\/wp-json\/wp\/v2\/types\/post"}],"author":[{"embeddable":true,"href":"https:\/\/industrial.utp.edu.co\/especializacion-seguridad-y-salud-en-el-trabajo\/wp-json\/wp\/v2\/users\/105"}],"replies":[{"embeddable":true,"href":"https:\/\/industrial.utp.edu.co\/especializacion-seguridad-y-salud-en-el-trabajo\/wp-json\/wp\/v2\/comments?post=160"}],"version-history":[{"count":1,"href":"https:\/\/industrial.utp.edu.co\/especializacion-seguridad-y-salud-en-el-trabajo\/wp-json\/wp\/v2\/posts\/160\/revisions"}],"predecessor-version":[{"id":161,"href":"https:\/\/industrial.utp.edu.co\/especializacion-seguridad-y-salud-en-el-trabajo\/wp-json\/wp\/v2\/posts\/160\/revisions\/161"}],"wp:attachment":[{"href":"https:\/\/industrial.utp.edu.co\/especializacion-seguridad-y-salud-en-el-trabajo\/wp-json\/wp\/v2\/media?parent=160"}],"wp:term":[{"taxonomy":"category","embeddable":true,"href":"https:\/\/industrial.utp.edu.co\/especializacion-seguridad-y-salud-en-el-trabajo\/wp-json\/wp\/v2\/categories?post=160"},{"taxonomy":"post_tag","embeddable":true,"href":"https:\/\/industrial.utp.edu.co\/especializacion-seguridad-y-salud-en-el-trabajo\/wp-json\/wp\/v2\/tags?post=160"}],"curies":[{"name":"wp","href":"https:\/\/api.w.org\/{rel}","templated":true}]}}