{"id":7,"date":"2018-04-23T15:58:51","date_gmt":"2018-04-23T20:58:51","guid":{"rendered":"https:\/\/industrial.utp.edu.co\/gestion-calidad\/2018\/04\/23\/mision\/"},"modified":"2022-09-15T10:42:01","modified_gmt":"2022-09-15T15:42:01","slug":"mision","status":"publish","type":"post","link":"https:\/\/industrial.utp.edu.co\/especializacion-gestion-calidad\/sin-categoria\/mision\/","title":{"rendered":"Misi\u00f3n"},"content":{"rendered":"<div class=\"wp-block-image\">\n<figure class=\"aligncenter is-resized\"><img decoding=\"async\" src=\"https:\/\/media2.utp.edu.co\/programas\/12\/mision.png\" alt=\"mision\" width=\"300\"\/><\/figure>\n<\/div>\n\n\n<p><span class=\"post-content__span\"> Somos un programa que promueve procesos de profundizaci\u00f3n e investigaci\u00f3n&nbsp; en los campos t\u00e9cnicos, normativos, investigativos y de gesti\u00f3n de la calidad, formando profesionales capaces de liderar procesos de dise\u00f1o, implementaci\u00f3n y control en sistemas integrados en gesti\u00f3n de calidad, ambientales y de seguridad y salud en el trabajo, con el prop\u00f3sito de lograr la estandarizaci\u00f3n, aseguramiento y mejoramiento de las organizaciones.<\/p>\n","protected":false},"excerpt":{"rendered":"<p>Somos un programa que promueve procesos de profundizaci\u00f3n e investigaci\u00f3n&nbsp; en los campos t\u00e9cnicos, normativos, investigativos y de gesti\u00f3n de la calidad, formando profesionales capaces de liderar procesos de dise\u00f1o, [&#8230;]<\/p>\n","protected":false},"author":1,"featured_media":10003,"comment_status":"closed","ping_status":"closed","sticky":false,"template":"","format":"standard","meta":{"footnotes":""},"categories":[1],"tags":[],"class_list":["post-7","post","type-post","status-publish","format-standard","has-post-thumbnail","hentry","category-sin-categoria"],"_links":{"self":[{"href":"https:\/\/industrial.utp.edu.co\/especializacion-gestion-calidad\/wp-json\/wp\/v2\/posts\/7","targetHints":{"allow":["GET"]}}],"collection":[{"href":"https:\/\/industrial.utp.edu.co\/especializacion-gestion-calidad\/wp-json\/wp\/v2\/posts"}],"about":[{"href":"https:\/\/industrial.utp.edu.co\/especializacion-gestion-calidad\/wp-json\/wp\/v2\/types\/post"}],"author":[{"embeddable":true,"href":"https:\/\/industrial.utp.edu.co\/especializacion-gestion-calidad\/wp-json\/wp\/v2\/users\/1"}],"replies":[{"embeddable":true,"href":"https:\/\/industrial.utp.edu.co\/especializacion-gestion-calidad\/wp-json\/wp\/v2\/comments?post=7"}],"version-history":[{"count":1,"href":"https:\/\/industrial.utp.edu.co\/especializacion-gestion-calidad\/wp-json\/wp\/v2\/posts\/7\/revisions"}],"predecessor-version":[{"id":10167,"href":"https:\/\/industrial.utp.edu.co\/especializacion-gestion-calidad\/wp-json\/wp\/v2\/posts\/7\/revisions\/10167"}],"wp:featuredmedia":[{"embeddable":true,"href":"https:\/\/industrial.utp.edu.co\/especializacion-gestion-calidad\/wp-json\/wp\/v2\/media\/10003"}],"wp:attachment":[{"href":"https:\/\/industrial.utp.edu.co\/especializacion-gestion-calidad\/wp-json\/wp\/v2\/media?parent=7"}],"wp:term":[{"taxonomy":"category","embeddable":true,"href":"https:\/\/industrial.utp.edu.co\/especializacion-gestion-calidad\/wp-json\/wp\/v2\/categories?post=7"},{"taxonomy":"post_tag","embeddable":true,"href":"https:\/\/industrial.utp.edu.co\/especializacion-gestion-calidad\/wp-json\/wp\/v2\/tags?post=7"}],"curies":[{"name":"wp","href":"https:\/\/api.w.org\/{rel}","templated":true}]}}