{"id":6,"date":"2018-04-23T15:57:24","date_gmt":"2018-04-23T20:57:24","guid":{"rendered":"https:\/\/industrial.utp.edu.co\/gestion-calidad\/2018\/04\/23\/historia\/"},"modified":"2022-09-15T10:42:10","modified_gmt":"2022-09-15T15:42:10","slug":"historia","status":"publish","type":"post","link":"https:\/\/industrial.utp.edu.co\/especializacion-gestion-calidad\/sin-categoria\/historia\/","title":{"rendered":"Historia"},"content":{"rendered":"<div class=\"wp-block-image\">\n<figure class=\"aligncenter is-resized\"><img decoding=\"async\" src=\"https:\/\/media2.utp.edu.co\/programas\/12\/historia.png\" alt=\"historia\" width=\"300\"\/><\/figure>\n<\/div>\n\n\n<p><span class=\"post-content__span\"> <em>Renovaci\u00f3n del Registro Calificado por 7 a\u00f1os, seg\u00fan Resoluci\u00f3n No.9885 del 22 de agosto del 2012&nbsp;<\/em><\/p>\n\n\n\n<p><span class=\"post-content__span\"> Nuestra Especializaci\u00f3n fue creada en el a\u00f1o 2000 por el Honorable Consejo Superior de la Universidad Tecnol\u00f3gica de Pereira. Nos caracterizamos por entregar a la sociedad profesionales capaces de impactar de manera positiva a nivel regional y nacional, al poseer la preparaci\u00f3n para dise\u00f1ar, implementar y controlar sistemas organizacionales con los est\u00e1ndares de calidad exigidos en \u00e1mbitos de competitividad nacional e internacional.<br>\n&nbsp;<br>\nDesarrollamos una metodolog\u00eda presencial de jornada mixta viernes y s\u00e1bados y tenemos convenios de extensi\u00f3n con la Unidad Central del Valle del Cauca (Tulu\u00e1) y la Universidad la Gran Colombia (Armenia).<\/p>\n","protected":false},"excerpt":{"rendered":"<p>Renovaci\u00f3n del Registro Calificado por 7 a\u00f1os, seg\u00fan Resoluci\u00f3n No.9885 del 22 de agosto del 2012&nbsp; Nuestra Especializaci\u00f3n fue creada en el a\u00f1o 2000 por el Honorable Consejo Superior de [&#8230;]<\/p>\n","protected":false},"author":1,"featured_media":0,"comment_status":"closed","ping_status":"closed","sticky":false,"template":"","format":"standard","meta":{"footnotes":""},"categories":[1],"tags":[],"class_list":["post-6","post","type-post","status-publish","format-standard","hentry","category-sin-categoria"],"_links":{"self":[{"href":"https:\/\/industrial.utp.edu.co\/especializacion-gestion-calidad\/wp-json\/wp\/v2\/posts\/6","targetHints":{"allow":["GET"]}}],"collection":[{"href":"https:\/\/industrial.utp.edu.co\/especializacion-gestion-calidad\/wp-json\/wp\/v2\/posts"}],"about":[{"href":"https:\/\/industrial.utp.edu.co\/especializacion-gestion-calidad\/wp-json\/wp\/v2\/types\/post"}],"author":[{"embeddable":true,"href":"https:\/\/industrial.utp.edu.co\/especializacion-gestion-calidad\/wp-json\/wp\/v2\/users\/1"}],"replies":[{"embeddable":true,"href":"https:\/\/industrial.utp.edu.co\/especializacion-gestion-calidad\/wp-json\/wp\/v2\/comments?post=6"}],"version-history":[{"count":1,"href":"https:\/\/industrial.utp.edu.co\/especializacion-gestion-calidad\/wp-json\/wp\/v2\/posts\/6\/revisions"}],"predecessor-version":[{"id":10168,"href":"https:\/\/industrial.utp.edu.co\/especializacion-gestion-calidad\/wp-json\/wp\/v2\/posts\/6\/revisions\/10168"}],"wp:attachment":[{"href":"https:\/\/industrial.utp.edu.co\/especializacion-gestion-calidad\/wp-json\/wp\/v2\/media?parent=6"}],"wp:term":[{"taxonomy":"category","embeddable":true,"href":"https:\/\/industrial.utp.edu.co\/especializacion-gestion-calidad\/wp-json\/wp\/v2\/categories?post=6"},{"taxonomy":"post_tag","embeddable":true,"href":"https:\/\/industrial.utp.edu.co\/especializacion-gestion-calidad\/wp-json\/wp\/v2\/tags?post=6"}],"curies":[{"name":"wp","href":"https:\/\/api.w.org\/{rel}","templated":true}]}}