{"id":27,"date":"2018-04-23T17:51:35","date_gmt":"2018-04-23T22:51:35","guid":{"rendered":"https:\/\/industrial.utp.edu.co\/gestion-calidad\/2018\/04\/23\/director-del-programa\/"},"modified":"2022-09-15T10:38:14","modified_gmt":"2022-09-15T15:38:14","slug":"director-del-programa","status":"publish","type":"post","link":"https:\/\/industrial.utp.edu.co\/especializacion-gestion-calidad\/sin-categoria\/director-del-programa\/","title":{"rendered":"Director del Programa"},"content":{"rendered":"\n<p><span class=\"post-content__span\"> <strong>Informaci\u00f3n de contacto<\/strong><\/p>\n\n\n\n<figure class=\"wp-block-table table table-striped is-style-stripes\"><table><tbody><tr><td>Nombre completo del director del programa y su auxiliar administrativa<\/td><td>\n<p><span class=\"post-content__span\"> Pedro Daniel Medina Varela<\/p>\n<p><span class=\"post-content__span\"> Angela Julieth Mosquera Vel\u00e1zquez<\/p>\n<\/td><\/tr><tr><td>Nombre del programa acad\u00e9mico de posgrado<\/td><td>\n<div>Especializaci\u00f3n en Gesti\u00f3n de la Calidad y Normalizaci\u00f3n T\u00e9cnica<\/div>\n<\/td><\/tr><tr><td>Adscrito a la facultad de:<\/td><td>Facultad de Ciencias Empresariales<\/td><\/tr><tr><td>Contacto del Director<\/td><td>\n<p><span class=\"post-content__span\"> Tel\u00e9fono:&nbsp;3137162&nbsp;<br>\n\t\t\tEmail: pemedin@utp.edu.co<\/p>\n<\/td><\/tr><tr><td>Contacto del Programa<\/td><td>\n<p><span class=\"post-content__span\"> Tel\u00e9fono: 3137162<br>\n\t\t\tEmail: egeno@utp.edu.co<\/p>\n<\/td><\/tr><\/tbody><\/table><\/figure>\n","protected":false},"excerpt":{"rendered":"<p>Informaci\u00f3n de contacto Nombre completo del director del programa y su auxiliar administrativa Pedro Daniel Medina Varela Angela Julieth Mosquera Vel\u00e1zquez Nombre del programa acad\u00e9mico de posgrado Especializaci\u00f3n en Gesti\u00f3n [&#8230;]<\/p>\n","protected":false},"author":1,"featured_media":0,"comment_status":"closed","ping_status":"closed","sticky":false,"template":"","format":"standard","meta":{"footnotes":""},"categories":[1],"tags":[],"class_list":["post-27","post","type-post","status-publish","format-standard","hentry","category-sin-categoria"],"_links":{"self":[{"href":"https:\/\/industrial.utp.edu.co\/especializacion-gestion-calidad\/wp-json\/wp\/v2\/posts\/27","targetHints":{"allow":["GET"]}}],"collection":[{"href":"https:\/\/industrial.utp.edu.co\/especializacion-gestion-calidad\/wp-json\/wp\/v2\/posts"}],"about":[{"href":"https:\/\/industrial.utp.edu.co\/especializacion-gestion-calidad\/wp-json\/wp\/v2\/types\/post"}],"author":[{"embeddable":true,"href":"https:\/\/industrial.utp.edu.co\/especializacion-gestion-calidad\/wp-json\/wp\/v2\/users\/1"}],"replies":[{"embeddable":true,"href":"https:\/\/industrial.utp.edu.co\/especializacion-gestion-calidad\/wp-json\/wp\/v2\/comments?post=27"}],"version-history":[{"count":2,"href":"https:\/\/industrial.utp.edu.co\/especializacion-gestion-calidad\/wp-json\/wp\/v2\/posts\/27\/revisions"}],"predecessor-version":[{"id":10154,"href":"https:\/\/industrial.utp.edu.co\/especializacion-gestion-calidad\/wp-json\/wp\/v2\/posts\/27\/revisions\/10154"}],"wp:attachment":[{"href":"https:\/\/industrial.utp.edu.co\/especializacion-gestion-calidad\/wp-json\/wp\/v2\/media?parent=27"}],"wp:term":[{"taxonomy":"category","embeddable":true,"href":"https:\/\/industrial.utp.edu.co\/especializacion-gestion-calidad\/wp-json\/wp\/v2\/categories?post=27"},{"taxonomy":"post_tag","embeddable":true,"href":"https:\/\/industrial.utp.edu.co\/especializacion-gestion-calidad\/wp-json\/wp\/v2\/tags?post=27"}],"curies":[{"name":"wp","href":"https:\/\/api.w.org\/{rel}","templated":true}]}}