{"id":20,"date":"2018-04-23T17:43:32","date_gmt":"2018-04-23T22:43:32","guid":{"rendered":"https:\/\/industrial.utp.edu.co\/gestion-calidad\/2018\/04\/23\/estructura-curricular\/"},"modified":"2022-09-15T10:40:19","modified_gmt":"2022-09-15T15:40:19","slug":"estructura-curricular","status":"publish","type":"post","link":"https:\/\/industrial.utp.edu.co\/especializacion-gestion-calidad\/sin-categoria\/estructura-curricular\/","title":{"rendered":"Estructura Curricular"},"content":{"rendered":"<div class=\"wp-block-image\">\n<figure class=\"aligncenter is-resized\"><img decoding=\"async\" src=\"https:\/\/media2.utp.edu.co\/programas\/12\/estructura-curricular.png\" alt=\"estructura-curricular\" width=\"300\"\/><\/figure>\n<\/div>\n\n\n<p><span class=\"post-content__span\"> Las \u00e1reas de estudio de nuestro programa est\u00e1n determinadas por los contenidos curriculares y las l\u00edneas respaldadas por nuestro grupo de investigaci\u00f3n:<\/p>\n\n\n\n<ul class=\"wp-block-list\"><li>L\u00ednea de investigaci\u00f3n en Sistemas de Gesti\u00f3n<\/li><li>L\u00ednea de investigaci\u00f3n en Normalizaci\u00f3n T\u00e9cnica para la Competitividad<\/li><li>L\u00ednea de investigaci\u00f3n en Estad\u00edstica Industrial y Mejoramiento Organizacional.<\/li><\/ul>\n","protected":false},"excerpt":{"rendered":"<p>Las \u00e1reas de estudio de nuestro programa est\u00e1n determinadas por los contenidos curriculares y las l\u00edneas respaldadas por nuestro grupo de investigaci\u00f3n: L\u00ednea de investigaci\u00f3n en Sistemas de Gesti\u00f3n L\u00ednea [&#8230;]<\/p>\n","protected":false},"author":1,"featured_media":0,"comment_status":"closed","ping_status":"closed","sticky":false,"template":"","format":"standard","meta":{"footnotes":""},"categories":[1],"tags":[],"class_list":["post-20","post","type-post","status-publish","format-standard","hentry","category-sin-categoria"],"_links":{"self":[{"href":"https:\/\/industrial.utp.edu.co\/especializacion-gestion-calidad\/wp-json\/wp\/v2\/posts\/20","targetHints":{"allow":["GET"]}}],"collection":[{"href":"https:\/\/industrial.utp.edu.co\/especializacion-gestion-calidad\/wp-json\/wp\/v2\/posts"}],"about":[{"href":"https:\/\/industrial.utp.edu.co\/especializacion-gestion-calidad\/wp-json\/wp\/v2\/types\/post"}],"author":[{"embeddable":true,"href":"https:\/\/industrial.utp.edu.co\/especializacion-gestion-calidad\/wp-json\/wp\/v2\/users\/1"}],"replies":[{"embeddable":true,"href":"https:\/\/industrial.utp.edu.co\/especializacion-gestion-calidad\/wp-json\/wp\/v2\/comments?post=20"}],"version-history":[{"count":1,"href":"https:\/\/industrial.utp.edu.co\/especializacion-gestion-calidad\/wp-json\/wp\/v2\/posts\/20\/revisions"}],"predecessor-version":[{"id":10159,"href":"https:\/\/industrial.utp.edu.co\/especializacion-gestion-calidad\/wp-json\/wp\/v2\/posts\/20\/revisions\/10159"}],"wp:attachment":[{"href":"https:\/\/industrial.utp.edu.co\/especializacion-gestion-calidad\/wp-json\/wp\/v2\/media?parent=20"}],"wp:term":[{"taxonomy":"category","embeddable":true,"href":"https:\/\/industrial.utp.edu.co\/especializacion-gestion-calidad\/wp-json\/wp\/v2\/categories?post=20"},{"taxonomy":"post_tag","embeddable":true,"href":"https:\/\/industrial.utp.edu.co\/especializacion-gestion-calidad\/wp-json\/wp\/v2\/tags?post=20"}],"curies":[{"name":"wp","href":"https:\/\/api.w.org\/{rel}","templated":true}]}}