{"id":18,"date":"2018-04-23T17:37:57","date_gmt":"2018-04-23T22:37:57","guid":{"rendered":"https:\/\/industrial.utp.edu.co\/gestion-calidad\/2018\/04\/23\/perfil-de-formacion\/"},"modified":"2022-09-26T17:34:01","modified_gmt":"2022-09-26T22:34:01","slug":"perfil-de-formacion","status":"publish","type":"post","link":"https:\/\/industrial.utp.edu.co\/especializacion-gestion-calidad\/sin-categoria\/perfil-de-formacion\/","title":{"rendered":"Perfil de Formaci\u00f3n"},"content":{"rendered":"\n<h3 class=\"wp-block-heading\"><strong>Perfil Laboral<\/strong><\/h3>\n\n\n\n<p><span class=\"post-content__span\">  Los egresados en la Especializaci\u00f3n en Gesti\u00f3n de la Calidad y Normalizaci\u00f3n T\u00e9cnica pueden desempe\u00f1arse como:<\/p>\n\n\n\n<p><span class=\"post-content__span\"> \u25cf&nbsp; &nbsp; Asesor de Calidad<br>\n\u25cf&nbsp; &nbsp; Gerente y Director de Calidad<br>\n\u25cf&nbsp; &nbsp; Gerente de Operaciones<br>\n\u25cf&nbsp; &nbsp; Consultor Interno o Externo de la Empresa<br>\n\u25cf&nbsp; &nbsp; Gerente de Proyectos y Servicios<br>\n\u25cf&nbsp; &nbsp; Auditor de Sistemas de Gesti\u00f3n de Calidad<br>\n\u25cf&nbsp; &nbsp; Interventor de Proyectos<br>\n\u25cf&nbsp; &nbsp; Investigaci\u00f3n en Calidad<br>\n\u25cf&nbsp; &nbsp; Docencia en \u00c1reas de Calidad<\/p>\n","protected":false},"excerpt":{"rendered":"<p>Perfil Laboral Los egresados en la Especializaci\u00f3n en Gesti\u00f3n de la Calidad y Normalizaci\u00f3n T\u00e9cnica pueden desempe\u00f1arse como: \u25cf&nbsp; &nbsp; Asesor de Calidad \u25cf&nbsp; &nbsp; Gerente y Director de Calidad [&#8230;]<\/p>\n","protected":false},"author":1,"featured_media":0,"comment_status":"closed","ping_status":"closed","sticky":false,"template":"","format":"standard","meta":{"footnotes":""},"categories":[1],"tags":[],"class_list":["post-18","post","type-post","status-publish","format-standard","hentry","category-sin-categoria"],"_links":{"self":[{"href":"https:\/\/industrial.utp.edu.co\/especializacion-gestion-calidad\/wp-json\/wp\/v2\/posts\/18","targetHints":{"allow":["GET"]}}],"collection":[{"href":"https:\/\/industrial.utp.edu.co\/especializacion-gestion-calidad\/wp-json\/wp\/v2\/posts"}],"about":[{"href":"https:\/\/industrial.utp.edu.co\/especializacion-gestion-calidad\/wp-json\/wp\/v2\/types\/post"}],"author":[{"embeddable":true,"href":"https:\/\/industrial.utp.edu.co\/especializacion-gestion-calidad\/wp-json\/wp\/v2\/users\/1"}],"replies":[{"embeddable":true,"href":"https:\/\/industrial.utp.edu.co\/especializacion-gestion-calidad\/wp-json\/wp\/v2\/comments?post=18"}],"version-history":[{"count":1,"href":"https:\/\/industrial.utp.edu.co\/especializacion-gestion-calidad\/wp-json\/wp\/v2\/posts\/18\/revisions"}],"predecessor-version":[{"id":10198,"href":"https:\/\/industrial.utp.edu.co\/especializacion-gestion-calidad\/wp-json\/wp\/v2\/posts\/18\/revisions\/10198"}],"wp:attachment":[{"href":"https:\/\/industrial.utp.edu.co\/especializacion-gestion-calidad\/wp-json\/wp\/v2\/media?parent=18"}],"wp:term":[{"taxonomy":"category","embeddable":true,"href":"https:\/\/industrial.utp.edu.co\/especializacion-gestion-calidad\/wp-json\/wp\/v2\/categories?post=18"},{"taxonomy":"post_tag","embeddable":true,"href":"https:\/\/industrial.utp.edu.co\/especializacion-gestion-calidad\/wp-json\/wp\/v2\/tags?post=18"}],"curies":[{"name":"wp","href":"https:\/\/api.w.org\/{rel}","templated":true}]}}