{"id":13,"date":"2018-04-23T16:01:49","date_gmt":"2018-04-23T21:01:49","guid":{"rendered":"https:\/\/industrial.utp.edu.co\/gestion-calidad\/2018\/04\/23\/horario-duracion-e-intensidad\/"},"modified":"2022-09-26T09:42:44","modified_gmt":"2022-09-26T14:42:44","slug":"horario-duracion-e-intensidad","status":"publish","type":"post","link":"https:\/\/industrial.utp.edu.co\/especializacion-gestion-calidad\/sin-categoria\/horario-duracion-e-intensidad\/","title":{"rendered":"Horario Duraci\u00f3n e Intensidad"},"content":{"rendered":"<div class=\"wp-block-image\">\n<figure class=\"aligncenter is-resized\"><img decoding=\"async\" src=\"https:\/\/media2.utp.edu.co\/programas\/12\/horario-duracion-e-intensidad.png\" alt=\"horario-duracion-e-intensidad\" width=\"300\"\/><\/figure>\n<\/div>\n\n\n<h3 class=\"wp-block-heading\"><strong>Especialista en Gesti\u00f3n de la Calidad y Normalizaci\u00f3n T\u00e9cnica<\/strong><\/h3>\n\n\n\n<p><span class=\"post-content__span\"> <strong>Duraci\u00f3n del programa:<\/strong> 2 Semestres<\/p>\n\n\n\n<p><span class=\"post-content__span\"> <strong>Jornada: <\/strong>Mixta&nbsp;<\/p>\n\n\n\n<p><span class=\"post-content__span\"> <strong>Periodicidad de la admisi\u00f3n:<\/strong> Cada 2 semestres<\/p>\n\n\n\n<p><span class=\"post-content__span\"> La Especializaci\u00f3n en Gesti\u00f3n de la Calidad y Normalizaci\u00f3n T\u00e9cnica tiene una duraci\u00f3n de 2 semestres de 16 semanas cada uno. Est\u00e1 compuesto por 14 asignaturas incluido un m\u00f3dulo dedicado al trabajo de grado y 2 electivas que cubren un total de 29 cr\u00e9ditos acad\u00e9micos. Se trabaja en jornada mixta concentrada los d\u00edas viernes de 6:30 pm a 9:30 pm y s\u00e1bados de 8:00 a.m a 3:00 p.m.<\/p>\n","protected":false},"excerpt":{"rendered":"<p>Especialista en Gesti\u00f3n de la Calidad y Normalizaci\u00f3n T\u00e9cnica Duraci\u00f3n del programa: 2 Semestres Jornada: Mixta&nbsp; Periodicidad de la admisi\u00f3n: Cada 2 semestres La Especializaci\u00f3n en Gesti\u00f3n de la Calidad [&#8230;]<\/p>\n","protected":false},"author":1,"featured_media":0,"comment_status":"closed","ping_status":"closed","sticky":false,"template":"","format":"standard","meta":{"footnotes":""},"categories":[1],"tags":[],"class_list":["post-13","post","type-post","status-publish","format-standard","hentry","category-sin-categoria"],"_links":{"self":[{"href":"https:\/\/industrial.utp.edu.co\/especializacion-gestion-calidad\/wp-json\/wp\/v2\/posts\/13","targetHints":{"allow":["GET"]}}],"collection":[{"href":"https:\/\/industrial.utp.edu.co\/especializacion-gestion-calidad\/wp-json\/wp\/v2\/posts"}],"about":[{"href":"https:\/\/industrial.utp.edu.co\/especializacion-gestion-calidad\/wp-json\/wp\/v2\/types\/post"}],"author":[{"embeddable":true,"href":"https:\/\/industrial.utp.edu.co\/especializacion-gestion-calidad\/wp-json\/wp\/v2\/users\/1"}],"replies":[{"embeddable":true,"href":"https:\/\/industrial.utp.edu.co\/especializacion-gestion-calidad\/wp-json\/wp\/v2\/comments?post=13"}],"version-history":[{"count":2,"href":"https:\/\/industrial.utp.edu.co\/especializacion-gestion-calidad\/wp-json\/wp\/v2\/posts\/13\/revisions"}],"predecessor-version":[{"id":10190,"href":"https:\/\/industrial.utp.edu.co\/especializacion-gestion-calidad\/wp-json\/wp\/v2\/posts\/13\/revisions\/10190"}],"wp:attachment":[{"href":"https:\/\/industrial.utp.edu.co\/especializacion-gestion-calidad\/wp-json\/wp\/v2\/media?parent=13"}],"wp:term":[{"taxonomy":"category","embeddable":true,"href":"https:\/\/industrial.utp.edu.co\/especializacion-gestion-calidad\/wp-json\/wp\/v2\/categories?post=13"},{"taxonomy":"post_tag","embeddable":true,"href":"https:\/\/industrial.utp.edu.co\/especializacion-gestion-calidad\/wp-json\/wp\/v2\/tags?post=13"}],"curies":[{"name":"wp","href":"https:\/\/api.w.org\/{rel}","templated":true}]}}