{"id":12,"date":"2018-04-23T16:00:56","date_gmt":"2018-04-23T21:00:56","guid":{"rendered":"https:\/\/industrial.utp.edu.co\/gestion-calidad\/2018\/04\/23\/requisitos-de-admision\/"},"modified":"2022-09-15T10:41:18","modified_gmt":"2022-09-15T15:41:18","slug":"requisitos-de-admision","status":"publish","type":"post","link":"https:\/\/industrial.utp.edu.co\/especializacion-gestion-calidad\/sin-categoria\/requisitos-de-admision\/","title":{"rendered":"Requisitos de Admisi\u00f3n"},"content":{"rendered":"<div class=\"wp-block-image\">\n<figure class=\"aligncenter is-resized\"><img decoding=\"async\" src=\"https:\/\/media2.utp.edu.co\/programas\/12\/requisitos-de-admision.png\" alt=\"requisitos-de-admision\" width=\"300\"\/><\/figure>\n<\/div>\n\n\n<p><span class=\"post-content__span\"> Nuestra Especializaci\u00f3n est\u00e1 dirigida a profesionales que quieran desempe\u00f1arse en \u00e1reas asociadas al dise\u00f1o, implementaci\u00f3n y control de procesos, bajo la \u00f3ptica de las normas t\u00e9cnicas apropiadas a cada una ellos y que quieran orientar su carrera hacia la gesti\u00f3n de calidad.<\/p>\n","protected":false},"excerpt":{"rendered":"<p>Nuestra Especializaci\u00f3n est\u00e1 dirigida a profesionales que quieran desempe\u00f1arse en \u00e1reas asociadas al dise\u00f1o, implementaci\u00f3n y control de procesos, bajo la \u00f3ptica de las normas t\u00e9cnicas apropiadas a cada una [&#8230;]<\/p>\n","protected":false},"author":1,"featured_media":0,"comment_status":"closed","ping_status":"closed","sticky":false,"template":"","format":"standard","meta":{"footnotes":""},"categories":[1],"tags":[],"class_list":["post-12","post","type-post","status-publish","format-standard","hentry","category-sin-categoria"],"_links":{"self":[{"href":"https:\/\/industrial.utp.edu.co\/especializacion-gestion-calidad\/wp-json\/wp\/v2\/posts\/12","targetHints":{"allow":["GET"]}}],"collection":[{"href":"https:\/\/industrial.utp.edu.co\/especializacion-gestion-calidad\/wp-json\/wp\/v2\/posts"}],"about":[{"href":"https:\/\/industrial.utp.edu.co\/especializacion-gestion-calidad\/wp-json\/wp\/v2\/types\/post"}],"author":[{"embeddable":true,"href":"https:\/\/industrial.utp.edu.co\/especializacion-gestion-calidad\/wp-json\/wp\/v2\/users\/1"}],"replies":[{"embeddable":true,"href":"https:\/\/industrial.utp.edu.co\/especializacion-gestion-calidad\/wp-json\/wp\/v2\/comments?post=12"}],"version-history":[{"count":1,"href":"https:\/\/industrial.utp.edu.co\/especializacion-gestion-calidad\/wp-json\/wp\/v2\/posts\/12\/revisions"}],"predecessor-version":[{"id":10164,"href":"https:\/\/industrial.utp.edu.co\/especializacion-gestion-calidad\/wp-json\/wp\/v2\/posts\/12\/revisions\/10164"}],"wp:attachment":[{"href":"https:\/\/industrial.utp.edu.co\/especializacion-gestion-calidad\/wp-json\/wp\/v2\/media?parent=12"}],"wp:term":[{"taxonomy":"category","embeddable":true,"href":"https:\/\/industrial.utp.edu.co\/especializacion-gestion-calidad\/wp-json\/wp\/v2\/categories?post=12"},{"taxonomy":"post_tag","embeddable":true,"href":"https:\/\/industrial.utp.edu.co\/especializacion-gestion-calidad\/wp-json\/wp\/v2\/tags?post=12"}],"curies":[{"name":"wp","href":"https:\/\/api.w.org\/{rel}","templated":true}]}}