{"id":9,"date":"2018-04-23T16:01:49","date_gmt":"2018-04-23T21:01:49","guid":{"rendered":"https:\/\/industrial.utp.edu.co\/gerencia-de-proyectos\/sin-categoria\/horario-duracion-e-intensidad\/"},"modified":"2026-04-10T11:45:30","modified_gmt":"2026-04-10T16:45:30","slug":"horario-duracion-e-intensidad","status":"publish","type":"post","link":"https:\/\/industrial.utp.edu.co\/especializacion-gerencia-de-proyectos\/sin-categoria\/horario-duracion-e-intensidad\/","title":{"rendered":"Horario Duraci\u00f3n e Intensidad"},"content":{"rendered":"\n<figure class=\"wp-block-image size-full\"><img loading=\"lazy\" decoding=\"async\" width=\"2000\" height=\"250\" src=\"https:\/\/media2.utp.edu.co\/programas\/101\/ENCABEZADOS-PAGINA-WEB-1800-x-300-px-1400-x-300-px-2000-x-250-px.png\" alt=\"\" class=\"wp-image-10417\" \/><\/figure>\n\n\n<div class=\"wp-block-image\">\n<figure class=\"aligncenter size-large is-resized\"><img decoding=\"async\" src=\"https:\/\/media2.utp.edu.co\/programas\/12\/horario-duracion-e-intensidad.png\" alt=\"horario-duracion-e-intensidad\" style=\"width:300px;height:undefinedpx\" \/><\/figure>\n<\/div>\n\n\n<p><span class=\"post-content__span\"> La Especializaci\u00f3n en Gerencia de Proyectos tiene una duraci\u00f3n de <strong>2 semestres acad\u00e9micos<\/strong>. El plan de estudios est\u00e1 conformado por <strong>9 m\u00f3dulos<\/strong>, cada uno desarrollado en periodos de <strong>2 a 4 semanas<\/strong>, lo que permite un aprendizaje intensivo y enfocado.<\/p>\n\n\n\n<h3 class=\"wp-block-heading\"><strong>Horario de clases<\/strong><\/h3>\n\n\n\n<figure class=\"wp-block-table\"><table class=\"has-fixed-layout\"><thead><tr><th class=\"has-text-align-center\" data-align=\"center\">D\u00eda<\/th><th class=\"has-text-align-center\" data-align=\"center\">Horario<\/th><\/tr><\/thead><tbody><tr><td class=\"has-text-align-center\" data-align=\"center\">Viernes<\/td><td class=\"has-text-align-center\" data-align=\"center\">5:00 p.m. \u2013 10:00 p.m.<\/td><\/tr><tr><td class=\"has-text-align-center\" data-align=\"center\">S\u00e1bado<\/td><td class=\"has-text-align-center\" data-align=\"center\">8:00 a.m. \u2013 1:00 p.m.<\/td><\/tr><\/tbody><\/table><\/figure>\n\n\n\n<h3 class=\"wp-block-heading\"><strong>Estructura acad\u00e9mica<\/strong><\/h3>\n\n\n\n<figure class=\"wp-block-table\"><table class=\"has-fixed-layout\"><thead><tr><th class=\"has-text-align-center\" data-align=\"center\">Caracter\u00edstica<\/th><th class=\"has-text-align-center\" data-align=\"center\">Detalle<\/th><\/tr><\/thead><tbody><tr><td class=\"has-text-align-center\" data-align=\"center\">Duraci\u00f3n<\/td><td class=\"has-text-align-center\" data-align=\"center\">2 semestres<\/td><\/tr><tr><td class=\"has-text-align-center\" data-align=\"center\">N\u00famero de m\u00f3dulos<\/td><td class=\"has-text-align-center\" data-align=\"center\">9<\/td><\/tr><tr><td class=\"has-text-align-center\" data-align=\"center\">Intensidad semanal<\/td><td class=\"has-text-align-center\" data-align=\"center\">10 horas<\/td><\/tr><\/tbody><\/table><\/figure>\n","protected":false},"excerpt":{"rendered":"<p>La Especializaci\u00f3n en Gerencia de Proyectos tiene una duraci\u00f3n de 2 semestres acad\u00e9micos. El plan de estudios est\u00e1 conformado por 9 m\u00f3dulos, cada uno desarrollado en periodos de 2 a [&#8230;]<\/p>\n","protected":false},"author":1,"featured_media":0,"comment_status":"closed","ping_status":"closed","sticky":false,"template":"","format":"standard","meta":{"footnotes":""},"categories":[1],"tags":[],"class_list":["post-9","post","type-post","status-publish","format-standard","hentry","category-sin-categoria"],"_links":{"self":[{"href":"https:\/\/industrial.utp.edu.co\/especializacion-gerencia-de-proyectos\/wp-json\/wp\/v2\/posts\/9","targetHints":{"allow":["GET"]}}],"collection":[{"href":"https:\/\/industrial.utp.edu.co\/especializacion-gerencia-de-proyectos\/wp-json\/wp\/v2\/posts"}],"about":[{"href":"https:\/\/industrial.utp.edu.co\/especializacion-gerencia-de-proyectos\/wp-json\/wp\/v2\/types\/post"}],"author":[{"embeddable":true,"href":"https:\/\/industrial.utp.edu.co\/especializacion-gerencia-de-proyectos\/wp-json\/wp\/v2\/users\/1"}],"replies":[{"embeddable":true,"href":"https:\/\/industrial.utp.edu.co\/especializacion-gerencia-de-proyectos\/wp-json\/wp\/v2\/comments?post=9"}],"version-history":[{"count":7,"href":"https:\/\/industrial.utp.edu.co\/especializacion-gerencia-de-proyectos\/wp-json\/wp\/v2\/posts\/9\/revisions"}],"predecessor-version":[{"id":10575,"href":"https:\/\/industrial.utp.edu.co\/especializacion-gerencia-de-proyectos\/wp-json\/wp\/v2\/posts\/9\/revisions\/10575"}],"wp:attachment":[{"href":"https:\/\/industrial.utp.edu.co\/especializacion-gerencia-de-proyectos\/wp-json\/wp\/v2\/media?parent=9"}],"wp:term":[{"taxonomy":"category","embeddable":true,"href":"https:\/\/industrial.utp.edu.co\/especializacion-gerencia-de-proyectos\/wp-json\/wp\/v2\/categories?post=9"},{"taxonomy":"post_tag","embeddable":true,"href":"https:\/\/industrial.utp.edu.co\/especializacion-gerencia-de-proyectos\/wp-json\/wp\/v2\/tags?post=9"}],"curies":[{"name":"wp","href":"https:\/\/api.w.org\/{rel}","templated":true}]}}