{"id":36,"date":"2018-09-24T11:22:15","date_gmt":"2018-09-24T16:22:15","guid":{"rendered":"https:\/\/industrial.utp.edu.co\/gerencia-de-proyectos\/sin-categoria\/perfil-del-egresado\/"},"modified":"2026-04-10T11:40:57","modified_gmt":"2026-04-10T16:40:57","slug":"perfil-del-egresado","status":"publish","type":"post","link":"https:\/\/industrial.utp.edu.co\/especializacion-gerencia-de-proyectos\/sin-categoria\/perfil-del-egresado\/","title":{"rendered":"Perfil del Egresado"},"content":{"rendered":"\n<figure class=\"wp-block-image size-full\"><img loading=\"lazy\" decoding=\"async\" width=\"1284\" height=\"624\" src=\"https:\/\/media2.utp.edu.co\/programas\/101\/WhatsApp-Image-2026-04-10-at-11.28.51-AM.jpeg\" alt=\"\" class=\"wp-image-10546\" \/><\/figure>\n\n\n\n<p><span class=\"post-content__span\"> El egresado de la Especializaci\u00f3n en Gerencia de Proyectos es un profesional integral, capaz de planificar, ejecutar y evaluar proyectos en diversos contextos organizacionales, liderando equipos y gestionando recursos de manera eficiente, con una visi\u00f3n estrat\u00e9gica, \u00e9tica y orientada al logro de resultados.<\/p>\n\n\n\n<div style=\"height:15px\" aria-hidden=\"true\" class=\"wp-block-spacer\"><\/div>\n\n\n\n<div class=\"wp-block-columns is-layout-flex wp-container-core-columns-is-layout-9d6595d7 wp-block-columns-is-layout-flex\">\n<div class=\"wp-block-column is-vertically-aligned-center is-layout-flow wp-block-column-is-layout-flow\" style=\"flex-basis:33.33%\">\n<p class=\"has-text-align-center has-text-color has-link-color has-medium-font-size wp-elements-aaceb923dece18482b6a4749a116f039\" style=\"color:#003e69\"><strong>Principales Habilidades del Especialista en Gerencia de Proyectos<\/strong><\/p>\n<\/div>\n\n\n\n<div class=\"wp-block-column is-layout-flow wp-block-column-is-layout-flow\" style=\"flex-basis:66.66%\">\n<div class=\"wp-block-buttons is-content-justification-center is-layout-flex wp-container-core-buttons-is-layout-16018d1d wp-block-buttons-is-layout-flex\">\n<div class=\"wp-block-button\"><a class=\"wp-block-button__link wp-element-button\">Formilar y evaluar proyectos<\/a><\/div>\n\n\n\n<div class=\"wp-block-button\"><a class=\"wp-block-button__link wp-element-button\">Gestionar Recursos<\/a><\/div>\n\n\n\n<div class=\"wp-block-button\"><a class=\"wp-block-button__link wp-element-button\">Liderar Equipos<\/a><\/div>\n\n\n\n<div class=\"wp-block-button\"><a class=\"wp-block-button__link wp-element-button\">Tomar decisiones estrat\u00e9gicas<\/a><\/div>\n<\/div>\n<\/div>\n<\/div>\n\n\n\n<div class=\"wp-block-columns is-layout-flex wp-container-core-columns-is-layout-9d6595d7 wp-block-columns-is-layout-flex\">\n<div class=\"wp-block-column is-vertically-aligned-center is-layout-flow wp-block-column-is-layout-flow\" style=\"flex-basis:33.33%\">\n<p class=\"has-text-align-center has-text-color has-link-color has-medium-font-size wp-elements-1eb9b9571778424c3c87250bea0c44bc\" style=\"color:#003e69\"><strong>Campos de Acci\u00f3n del Especialista en Gerencia de Proyectos<\/strong><\/p>\n<\/div>\n\n\n\n<div class=\"wp-block-column is-layout-flow wp-block-column-is-layout-flow\" style=\"flex-basis:66.66%\">\n<div class=\"wp-block-buttons is-content-justification-center is-layout-flex wp-container-core-buttons-is-layout-16018d1d wp-block-buttons-is-layout-flex\">\n<div class=\"wp-block-button\"><a class=\"wp-block-button__link wp-element-button\">Sector P\u00fablico<\/a><\/div>\n\n\n\n<div class=\"wp-block-button\"><a class=\"wp-block-button__link wp-element-button\">Sector Privado<\/a><\/div>\n\n\n\n<div class=\"wp-block-button\"><a class=\"wp-block-button__link wp-element-button\">Consultor\u00eda<\/a><\/div>\n\n\n\n<div class=\"wp-block-button\"><a class=\"wp-block-button__link wp-element-button\">Emprendimientos<\/a><\/div>\n<\/div>\n<\/div>\n<\/div>\n\n\n\n<div style=\"height:17px\" aria-hidden=\"true\" class=\"wp-block-spacer\"><\/div>\n\n\n\n<div style=\"height:0px\" aria-hidden=\"true\" class=\"wp-block-spacer\"><\/div>\n\n\n\n<hr class=\"wp-block-separator has-alpha-channel-opacity\" \/>\n\n\n\n<p class=\"has-text-align-center\"><span class=\"post-content__span\"> <strong>Si tienes dudas o inquietudes, puedes comunicarte con nosotros a trav\u00e9s de nuestros canales de atenci\u00f3n.<\/strong><\/p>\n\n\n\n<p class=\"has-text-align-center\"><span class=\"post-content__span\"> \u00a0Tel\u00e9fono: (606) 313 7120<br>\u00a0Correo electr\u00f3nico:\u00a0<a>gproyectos@utp.edu.co<\/a><br>\u00a0Instagram: @egp_utp<\/p>\n\n\n\n<p class=\"has-text-align-center\"><span class=\"post-content__span\"> Tambi\u00e9n puedes visitarnos en la Universidad Tecnol\u00f3gica de Pereira, Edificio 5, Oficina 444, donde con gusto te brindaremos la informaci\u00f3n que necesites.<\/p>\n","protected":false},"excerpt":{"rendered":"<p>El egresado de la Especializaci\u00f3n en Gerencia de Proyectos es un profesional integral, capaz de planificar, ejecutar y evaluar proyectos en diversos contextos organizacionales, liderando equipos y gestionando recursos de [&#8230;]<\/p>\n","protected":false},"author":1,"featured_media":0,"comment_status":"closed","ping_status":"closed","sticky":false,"template":"","format":"standard","meta":{"footnotes":""},"categories":[1],"tags":[],"class_list":["post-36","post","type-post","status-publish","format-standard","hentry","category-sin-categoria"],"_links":{"self":[{"href":"https:\/\/industrial.utp.edu.co\/especializacion-gerencia-de-proyectos\/wp-json\/wp\/v2\/posts\/36","targetHints":{"allow":["GET"]}}],"collection":[{"href":"https:\/\/industrial.utp.edu.co\/especializacion-gerencia-de-proyectos\/wp-json\/wp\/v2\/posts"}],"about":[{"href":"https:\/\/industrial.utp.edu.co\/especializacion-gerencia-de-proyectos\/wp-json\/wp\/v2\/types\/post"}],"author":[{"embeddable":true,"href":"https:\/\/industrial.utp.edu.co\/especializacion-gerencia-de-proyectos\/wp-json\/wp\/v2\/users\/1"}],"replies":[{"embeddable":true,"href":"https:\/\/industrial.utp.edu.co\/especializacion-gerencia-de-proyectos\/wp-json\/wp\/v2\/comments?post=36"}],"version-history":[{"count":23,"href":"https:\/\/industrial.utp.edu.co\/especializacion-gerencia-de-proyectos\/wp-json\/wp\/v2\/posts\/36\/revisions"}],"predecessor-version":[{"id":10573,"href":"https:\/\/industrial.utp.edu.co\/especializacion-gerencia-de-proyectos\/wp-json\/wp\/v2\/posts\/36\/revisions\/10573"}],"wp:attachment":[{"href":"https:\/\/industrial.utp.edu.co\/especializacion-gerencia-de-proyectos\/wp-json\/wp\/v2\/media?parent=36"}],"wp:term":[{"taxonomy":"category","embeddable":true,"href":"https:\/\/industrial.utp.edu.co\/especializacion-gerencia-de-proyectos\/wp-json\/wp\/v2\/categories?post=36"},{"taxonomy":"post_tag","embeddable":true,"href":"https:\/\/industrial.utp.edu.co\/especializacion-gerencia-de-proyectos\/wp-json\/wp\/v2\/tags?post=36"}],"curies":[{"name":"wp","href":"https:\/\/api.w.org\/{rel}","templated":true}]}}