{"id":12,"date":"2018-04-23T17:34:28","date_gmt":"2018-04-23T22:34:28","guid":{"rendered":"https:\/\/industrial.utp.edu.co\/gerencia-de-proyectos\/sin-categoria\/requisitos-de-graduacion\/"},"modified":"2026-04-08T10:46:29","modified_gmt":"2026-04-08T15:46:29","slug":"requisitos-de-graduacion","status":"publish","type":"post","link":"https:\/\/industrial.utp.edu.co\/especializacion-gerencia-de-proyectos\/sin-categoria\/requisitos-de-graduacion\/","title":{"rendered":"Requisitos de Graduaci\u00f3n"},"content":{"rendered":"\n<figure class=\"wp-block-image size-full\"><img loading=\"lazy\" decoding=\"async\" width=\"2000\" height=\"250\" src=\"https:\/\/media2.utp.edu.co\/programas\/101\/ENCABEZADOS-PAGINA-WEB-1800-x-300-px-1400-x-300-px-2000-x-250-px.png\" alt=\"\" class=\"wp-image-10417\" \/><\/figure>\n\n\n\n<div style=\"height:45px\" aria-hidden=\"true\" class=\"wp-block-spacer\"><\/div>\n\n\n\n<p><span class=\"post-content__span\"> A continuaci\u00f3n, se presentan los requisitos que deben cumplir los estudiantes para obtener el t\u00edtulo de Especialista en Gerencia de Proyectos. Cada uno de estos aspectos forma parte fundamental del proceso formativo, garantizando el desarrollo acad\u00e9mico, profesional y personal de los egresados.<\/p>\n\n\n\n<p><span class=\"post-content__span\"> En cada uno de los elementos encontrar\u00e1s el bot\u00f3n <strong>\u201c+ info\u201d<\/strong>, donde podr\u00e1s conocer en detalle los requisitos, su alcance y las condiciones necesarias para completar satisfactoriamente el proceso de formaci\u00f3n.<\/p>\n\n\n\n<div style=\"height:46px\" aria-hidden=\"true\" class=\"wp-block-spacer\"><\/div>\n\n\n\n<iframe src=\"https:\/\/view.genially.com\/69d5c8bd4419e2bd402425f8\" style=\"width:100%;height:450px\" frameborder=\"0\" allowfullscreen>\n<\/iframe>\n\n\n\n<hr class=\"wp-block-separator has-alpha-channel-opacity\" \/>\n\n\n\n<p class=\"has-text-align-center\"><span class=\"post-content__span\"> Si deseas m\u00e1s informaci\u00f3n puedes cont\u00e1ctarnos a gproyectos@utp.edu.co o (606) 313 7120. Tamb\u00eden puedes visitarnos en la Universidad Tecn\u00f3logica de Pereira, Edificio 5, Oficina 444.<\/p>\n\n\n\n<hr class=\"wp-block-separator has-alpha-channel-opacity\" \/>\n","protected":false},"excerpt":{"rendered":"<p>A continuaci\u00f3n, se presentan los requisitos que deben cumplir los estudiantes para obtener el t\u00edtulo de Especialista en Gerencia de Proyectos. Cada uno de estos aspectos forma parte fundamental del [&#8230;]<\/p>\n","protected":false},"author":1,"featured_media":0,"comment_status":"closed","ping_status":"closed","sticky":false,"template":"","format":"standard","meta":{"footnotes":""},"categories":[1],"tags":[],"class_list":["post-12","post","type-post","status-publish","format-standard","hentry","category-sin-categoria"],"_links":{"self":[{"href":"https:\/\/industrial.utp.edu.co\/especializacion-gerencia-de-proyectos\/wp-json\/wp\/v2\/posts\/12","targetHints":{"allow":["GET"]}}],"collection":[{"href":"https:\/\/industrial.utp.edu.co\/especializacion-gerencia-de-proyectos\/wp-json\/wp\/v2\/posts"}],"about":[{"href":"https:\/\/industrial.utp.edu.co\/especializacion-gerencia-de-proyectos\/wp-json\/wp\/v2\/types\/post"}],"author":[{"embeddable":true,"href":"https:\/\/industrial.utp.edu.co\/especializacion-gerencia-de-proyectos\/wp-json\/wp\/v2\/users\/1"}],"replies":[{"embeddable":true,"href":"https:\/\/industrial.utp.edu.co\/especializacion-gerencia-de-proyectos\/wp-json\/wp\/v2\/comments?post=12"}],"version-history":[{"count":28,"href":"https:\/\/industrial.utp.edu.co\/especializacion-gerencia-de-proyectos\/wp-json\/wp\/v2\/posts\/12\/revisions"}],"predecessor-version":[{"id":10469,"href":"https:\/\/industrial.utp.edu.co\/especializacion-gerencia-de-proyectos\/wp-json\/wp\/v2\/posts\/12\/revisions\/10469"}],"wp:attachment":[{"href":"https:\/\/industrial.utp.edu.co\/especializacion-gerencia-de-proyectos\/wp-json\/wp\/v2\/media?parent=12"}],"wp:term":[{"taxonomy":"category","embeddable":true,"href":"https:\/\/industrial.utp.edu.co\/especializacion-gerencia-de-proyectos\/wp-json\/wp\/v2\/categories?post=12"},{"taxonomy":"post_tag","embeddable":true,"href":"https:\/\/industrial.utp.edu.co\/especializacion-gerencia-de-proyectos\/wp-json\/wp\/v2\/tags?post=12"}],"curies":[{"name":"wp","href":"https:\/\/api.w.org\/{rel}","templated":true}]}}