{"id":10448,"date":"2026-04-08T12:45:08","date_gmt":"2026-04-08T17:45:08","guid":{"rendered":"https:\/\/industrial.utp.edu.co\/especializacion-gerencia-de-proyectos\/?p=10448"},"modified":"2026-04-08T12:51:42","modified_gmt":"2026-04-08T17:51:42","slug":"cohorte-vii-de-la-especializacion-en-gerencia-de-proyectos-en-su-graduacion","status":"publish","type":"post","link":"https:\/\/industrial.utp.edu.co\/especializacion-gerencia-de-proyectos\/noticias-de-interes\/cohorte-vii-de-la-especializacion-en-gerencia-de-proyectos-en-su-graduacion\/","title":{"rendered":"Cohorte VII de la Especializaci\u00f3n en Gerencia de Proyectos en su graduaci\u00f3n"},"content":{"rendered":"<div class=\"wp-block-image\">\n<figure class=\"aligncenter size-full is-resized\"><img loading=\"lazy\" decoding=\"async\" width=\"1280\" height=\"960\" src=\"https:\/\/media2.utp.edu.co\/programas\/101\/WhatsApp-Image-2026-04-08-at-9.16.10-AM.jpeg\" alt=\"\" class=\"wp-image-10500\" style=\"width:655px;height:auto\" \/><\/figure>\n<\/div>\n\n\n<div style=\"height:27px\" aria-hidden=\"true\" class=\"wp-block-spacer\"><\/div>\n\n\n\n<hr class=\"wp-block-separator has-alpha-channel-opacity\" \/>\n\n\n\n<p><span class=\"post-content__span\"> La Facultad de Ciencias Empresariales celebra con orgullo la graduaci\u00f3n de la cohorte VII de la Especializaci\u00f3n en Gerencia de Proyectos, un grupo de profesionales que culmina exitosamente una etapa clave en su formaci\u00f3n acad\u00e9mica y profesional.<\/p>\n\n\n\n<p><span class=\"post-content__span\"> Durante su proceso formativo, los graduados fortalecieron sus competencias en la gesti\u00f3n y direcci\u00f3n de proyectos, desarrollando habilidades estrat\u00e9gicas, anal\u00edticas y de liderazgo, fundamentales para responder a los retos del entorno organizacional actual.<\/p>\n\n\n\n<p><span class=\"post-content__span\"> Esta cohorte se caracteriz\u00f3 por su compromiso, disciplina y trabajo colaborativo, consolidando no solo conocimientos t\u00e9cnicos, sino tambi\u00e9n relaciones de aprendizaje y crecimiento conjunto.<\/p>\n","protected":false},"excerpt":{"rendered":"<p>La Facultad de Ciencias Empresariales de la Universidad Tecnol\u00f3gica de Pereira celebra la graduaci\u00f3n de la cohorte VII (2025) de la Especializaci\u00f3n en Gerencia de Proyectos, destacando su formaci\u00f3n en liderazgo, gesti\u00f3n estrat\u00e9gica y direcci\u00f3n de proyectos.<\/p>\n","protected":false},"author":138,"featured_media":10506,"comment_status":"closed","ping_status":"closed","sticky":false,"template":"","format":"standard","meta":{"footnotes":""},"categories":[23],"tags":[],"class_list":["post-10448","post","type-post","status-publish","format-standard","has-post-thumbnail","hentry","category-noticias-de-interes"],"_links":{"self":[{"href":"https:\/\/industrial.utp.edu.co\/especializacion-gerencia-de-proyectos\/wp-json\/wp\/v2\/posts\/10448","targetHints":{"allow":["GET"]}}],"collection":[{"href":"https:\/\/industrial.utp.edu.co\/especializacion-gerencia-de-proyectos\/wp-json\/wp\/v2\/posts"}],"about":[{"href":"https:\/\/industrial.utp.edu.co\/especializacion-gerencia-de-proyectos\/wp-json\/wp\/v2\/types\/post"}],"author":[{"embeddable":true,"href":"https:\/\/industrial.utp.edu.co\/especializacion-gerencia-de-proyectos\/wp-json\/wp\/v2\/users\/138"}],"replies":[{"embeddable":true,"href":"https:\/\/industrial.utp.edu.co\/especializacion-gerencia-de-proyectos\/wp-json\/wp\/v2\/comments?post=10448"}],"version-history":[{"count":3,"href":"https:\/\/industrial.utp.edu.co\/especializacion-gerencia-de-proyectos\/wp-json\/wp\/v2\/posts\/10448\/revisions"}],"predecessor-version":[{"id":10505,"href":"https:\/\/industrial.utp.edu.co\/especializacion-gerencia-de-proyectos\/wp-json\/wp\/v2\/posts\/10448\/revisions\/10505"}],"wp:featuredmedia":[{"embeddable":true,"href":"https:\/\/industrial.utp.edu.co\/especializacion-gerencia-de-proyectos\/wp-json\/wp\/v2\/media\/10506"}],"wp:attachment":[{"href":"https:\/\/industrial.utp.edu.co\/especializacion-gerencia-de-proyectos\/wp-json\/wp\/v2\/media?parent=10448"}],"wp:term":[{"taxonomy":"category","embeddable":true,"href":"https:\/\/industrial.utp.edu.co\/especializacion-gerencia-de-proyectos\/wp-json\/wp\/v2\/categories?post=10448"},{"taxonomy":"post_tag","embeddable":true,"href":"https:\/\/industrial.utp.edu.co\/especializacion-gerencia-de-proyectos\/wp-json\/wp\/v2\/tags?post=10448"}],"curies":[{"name":"wp","href":"https:\/\/api.w.org\/{rel}","templated":true}]}}