{"id":10390,"date":"2026-04-07T10:58:24","date_gmt":"2026-04-07T15:58:24","guid":{"rendered":"https:\/\/industrial.utp.edu.co\/especializacion-gerencia-de-proyectos\/?p=10390"},"modified":"2026-04-07T19:24:13","modified_gmt":"2026-04-08T00:24:13","slug":"inscripciones-2026-2-especializacion-en-gerencia-de-proyectos","status":"publish","type":"post","link":"https:\/\/industrial.utp.edu.co\/especializacion-gerencia-de-proyectos\/noticias-de-interes\/inscripciones-2026-2-especializacion-en-gerencia-de-proyectos\/","title":{"rendered":"Inscripciones 2026-2 Especializaci\u00f3n en Gerencia de Proyectos"},"content":{"rendered":"<div class=\"wp-block-image\">\n<figure class=\"aligncenter size-full is-resized\"><img loading=\"lazy\" decoding=\"async\" width=\"1080\" height=\"1440\" src=\"https:\/\/media2.utp.edu.co\/programas\/101\/Inscripciones-Posgrados-Proyectos-2026-1.png\" alt=\"\" class=\"wp-image-10400\" style=\"width:395px;height:auto\" \/><\/figure>\n<\/div>\n\n\n<p><span class=\"post-content__span\"> Se informa a los aspirantes interesados en la Especializaci\u00f3n en Gerencia de Proyectos que se encuentran abiertas las inscripciones para el periodo acad\u00e9mico <strong>2026-2<\/strong>. A continuaci\u00f3n, se presenta el calendario acad\u00e9mico correspondiente al proceso de admisi\u00f3n y desarrollo del programa:<\/p>\n\n\n\n<hr class=\"wp-block-separator has-alpha-channel-opacity\" \/>\n\n\n\n<figure class=\"wp-block-table\"><table class=\"has-fixed-layout\"><thead><tr><th>Actividad<\/th><th>Fecha<\/th><\/tr><\/thead><tbody><tr><td>Inscripci\u00f3n e ingreso de documentos<\/td><td>15 de abril al 22 de mayo de 2026<\/td><\/tr><tr><td>Proceso de admisi\u00f3n<\/td><td>25 al 29 de mayo de 2026<\/td><\/tr><tr><td>Pago de matr\u00edcula<\/td><td>30 de mayo al 17 de junio de 2026<\/td><\/tr><tr><td>Matr\u00edcula acad\u00e9mica<\/td><td>17 de junio al 31 de julio de 2026<\/td><\/tr><tr><td>Inicio de clases<\/td><td>31 de julio de 2026<\/td><\/tr><tr><td>Finalizaci\u00f3n de clases<\/td><td>28 de noviembre de 2026<\/td><\/tr><tr><td>Digitaci\u00f3n de notas<\/td><td>31 de julio al 11 de diciembre de 2026<\/td><\/tr><\/tbody><\/table><\/figure>\n\n\n\n<p class=\"has-text-align-center\"><span class=\"post-content__span\"> <em>Da el siguiente paso en tu formaci\u00f3n profesional. Inicia tu camino en la gesti\u00f3n de proyectos.<\/em><\/p>\n\n\n\n<p class=\"has-text-align-center\"><span class=\"post-content__span\"> <strong>Cont\u00e1ctanos para m\u00e1s informaci\u00f3n:<\/strong><br> <a>gproyectos@utp.edu.co<\/a><\/p>\n","protected":false},"excerpt":{"rendered":"<p>Se informa a los aspirantes interesados en la Especializaci\u00f3n en Gerencia de Proyectos que se encuentran abiertas las inscripciones para el periodo acad\u00e9mico 2026-2. A continuaci\u00f3n, se presenta el calendario [&#8230;]<\/p>\n","protected":false},"author":138,"featured_media":10391,"comment_status":"closed","ping_status":"closed","sticky":false,"template":"","format":"standard","meta":{"footnotes":""},"categories":[23],"tags":[],"class_list":["post-10390","post","type-post","status-publish","format-standard","has-post-thumbnail","hentry","category-noticias-de-interes"],"_links":{"self":[{"href":"https:\/\/industrial.utp.edu.co\/especializacion-gerencia-de-proyectos\/wp-json\/wp\/v2\/posts\/10390","targetHints":{"allow":["GET"]}}],"collection":[{"href":"https:\/\/industrial.utp.edu.co\/especializacion-gerencia-de-proyectos\/wp-json\/wp\/v2\/posts"}],"about":[{"href":"https:\/\/industrial.utp.edu.co\/especializacion-gerencia-de-proyectos\/wp-json\/wp\/v2\/types\/post"}],"author":[{"embeddable":true,"href":"https:\/\/industrial.utp.edu.co\/especializacion-gerencia-de-proyectos\/wp-json\/wp\/v2\/users\/138"}],"replies":[{"embeddable":true,"href":"https:\/\/industrial.utp.edu.co\/especializacion-gerencia-de-proyectos\/wp-json\/wp\/v2\/comments?post=10390"}],"version-history":[{"count":8,"href":"https:\/\/industrial.utp.edu.co\/especializacion-gerencia-de-proyectos\/wp-json\/wp\/v2\/posts\/10390\/revisions"}],"predecessor-version":[{"id":10403,"href":"https:\/\/industrial.utp.edu.co\/especializacion-gerencia-de-proyectos\/wp-json\/wp\/v2\/posts\/10390\/revisions\/10403"}],"wp:featuredmedia":[{"embeddable":true,"href":"https:\/\/industrial.utp.edu.co\/especializacion-gerencia-de-proyectos\/wp-json\/wp\/v2\/media\/10391"}],"wp:attachment":[{"href":"https:\/\/industrial.utp.edu.co\/especializacion-gerencia-de-proyectos\/wp-json\/wp\/v2\/media?parent=10390"}],"wp:term":[{"taxonomy":"category","embeddable":true,"href":"https:\/\/industrial.utp.edu.co\/especializacion-gerencia-de-proyectos\/wp-json\/wp\/v2\/categories?post=10390"},{"taxonomy":"post_tag","embeddable":true,"href":"https:\/\/industrial.utp.edu.co\/especializacion-gerencia-de-proyectos\/wp-json\/wp\/v2\/tags?post=10390"}],"curies":[{"name":"wp","href":"https:\/\/api.w.org\/{rel}","templated":true}]}}